{"id":3535,"date":"2024-12-27T11:51:39","date_gmt":"2024-12-27T10:51:39","guid":{"rendered":"http:\/\/www.elzbieta.archidiecezja.wroc.pl\/?p=3535"},"modified":"2024-12-26T10:54:50","modified_gmt":"2024-12-26T09:54:50","slug":"niedziela-swietej-rodziny-29-grudnia-2024","status":"publish","type":"post","link":"http:\/\/www.elzbieta.archidiecezja.wroc.pl\/?p=3535","title":{"rendered":"NIEDZIELA \u015aWI\u0118TEJ RODZINY &#8211; 29 grudnia 2024"},"content":{"rendered":"<p style=\"text-align: justify;\">1. Dzisiaj obchodzimy <span style=\"color: #ff0000;\"><strong>niedziel\u0119<\/strong> <strong>\u015awi\u0119tej Rodziny: Jezusa, Maryi i J\u00f3zefa<\/strong><\/span>, zapraszamy do\u00a0wsp\u00f3lnej modlitwy w intencji naszych Rodzin.<\/p>\n<p style=\"text-align: justify;\"><span style=\"color: #3366ff;\"><strong>Uroczyst\u0105<\/strong> <strong>Msz\u0105 \u015bw. o godzinie 12:00<\/strong> <strong>zainaugurujemy obchody Zwyczajnego Roku Jubileuszowego 2025.<\/strong><\/span><\/p>\n<p style=\"text-align: justify;\">2. We wtorek <span style=\"color: #339966;\"><strong>31 grudnia o\u00a0godz. 18:00<\/strong><\/span> w naszej Bazylice odb\u0119dzie si\u0119 <strong>Msza \u015bw. oraz<\/strong> <strong>nabo\u017ce\u0144stwo dzi\u0119kczynno \u2013 b\u0142agalne <span style=\"color: #339966;\">na <\/span><\/strong><span style=\"color: #339966;\"><strong>zako\u0144czenie Starego Roku<\/strong><strong>.<\/strong><\/span><\/p>\n<p style=\"text-align: justify;\">3. W \u015brod\u0119 <strong><span style=\"color: #ff0000;\">1 stycznia<\/span> <\/strong>b\u0119dziemy obchodzi\u0107 uroczysto\u015b\u0107\u00a0<strong>\u015awi\u0119tej Bo\u017cej Rodzicielki Maryi<\/strong>. Msze \u015awi\u0119te b\u0119d\u0105 sprawowane <span style=\"color: #ff0000;\"><strong>w porz\u0105dku niedzielnym<\/strong>.<\/span><\/p>\n<p style=\"text-align: justify;\"><strong>4. W tym tygodniu przypada pierwszy czwartek, pierwszy pi\u0105tek i pierwsza sobota<\/strong> <strong>miesi\u0105ca<\/strong>:<\/p>\n<p style=\"text-align: justify;\">&#8211; <u>w pierwszy <\/u><span style=\"color: #ff9900;\"><strong><u>czwartek<\/u><\/strong> <\/span>zapraszamy na ca\u0142odzienn\u0105 <strong>adoracj\u0119 Naj\u015bwi\u0119tszego Sakramentu<\/strong>,<\/p>\n<p style=\"text-align: justify;\">&#8211; <u>w pierwszy <\/u><span style=\"color: #993366;\"><strong><u>pi\u0105tek<\/u><\/strong> <\/span>zach\u0119camy do skorzystania z <strong>sakramentu pokuty i\u00a0pojednania<\/strong>,<\/p>\n<p style=\"text-align: justify;\">&#8211;\u00a0<u>w pierwsz\u0105 <\/u><span style=\"color: #00ccff;\"><strong><u>sobot\u0119<\/u><\/strong> <\/span>po Mszy \u015bw. porannej zapraszamy do udzia\u0142u w <strong>nabo\u017ce\u0144stwie wynagradzaj\u0105cym Niepokalanemu Sercu Maryi<\/strong>. Tego dnia w\u00a0godzinach porannych udamy si\u0119 z <strong>pos\u0142ug\u0105 sakramentaln\u0105 do chorych<\/strong> z\u00a0naszej parafii.<\/p>\n<p style=\"text-align: justify;\">5. W czwartek wspominamy <em>\u015aw. Bazylego Wielkiego i Grzegorza z Nazjanzu.<\/em><\/p>\n<p style=\"text-align: justify;\"><strong>6. W dniach <\/strong><strong><span style=\"color: #00ccff;\">od 7 do 14 stycznia<\/span> <\/strong>udamy si\u0119 z <span style=\"color: #00ccff;\"><strong>wizyt\u0105 duszpastersk\u0105 <\/strong><\/span>do\u00a0wiernych naszej parafii<strong>, kt\u00f3rzy <u>zadeklaruj\u0105 tak\u0105 ch\u0119\u0107.<\/u> <\/strong><\/p>\n<p style=\"text-align: justify;\"><strong>Ch\u0119tnych prosimy o zg\u0142aszanie si\u0119 do zakrystii lub kancelarii parafialnej do\u00a0dnia 6\u00a0stycznia w celu ustalenia dogodnego terminu <\/strong><span style=\"color: #00ccff;\"><strong>\u201ekol\u0119dy\u201d<\/strong><\/span><strong>.<\/strong><\/p>\n<p style=\"text-align: justify;\"><strong>7. <\/strong><strong>Solenizantom i jubilatom <\/strong>rozpoczynaj\u0105cego si\u0119 tygodnia \u017cyczymy zdrowia, potrzebnych \u0142ask oraz Bo\u017cego b\u0142ogos\u0142awie\u0144stwa.<\/p>\n","protected":false},"excerpt":{"rendered":"<p>1. Dzisiaj obchodzimy niedziel\u0119 \u015awi\u0119tej Rodziny: Jezusa, Maryi i J\u00f3zefa, zapraszamy do\u00a0wsp\u00f3lnej modlitwy w intencji naszych Rodzin. Uroczyst\u0105 Msz\u0105 \u015bw. o godzinie 12:00 zainaugurujemy obchody Zwyczajnego Roku Jubileuszowego 2025. 2. We wtorek 31 grudnia o\u00a0godz. 18:00 w naszej Bazylice odb\u0119dzie si\u0119 Msza \u015bw. oraz nabo\u017ce\u0144stwo dzi\u0119kczynno \u2013 b\u0142agalne na zako\u0144czenie Starego Roku. 3. W \u015brod\u0119 [&hellip;]<\/p>\n","protected":false},"author":3,"featured_media":1251,"comment_status":"closed","ping_status":"closed","sticky":false,"template":"","format":"standard","meta":[],"categories":[35],"tags":[],"_links":{"self":[{"href":"http:\/\/www.elzbieta.archidiecezja.wroc.pl\/index.php?rest_route=\/wp\/v2\/posts\/3535"}],"collection":[{"href":"http:\/\/www.elzbieta.archidiecezja.wroc.pl\/index.php?rest_route=\/wp\/v2\/posts"}],"about":[{"href":"http:\/\/www.elzbieta.archidiecezja.wroc.pl\/index.php?rest_route=\/wp\/v2\/types\/post"}],"author":[{"embeddable":true,"href":"http:\/\/www.elzbieta.archidiecezja.wroc.pl\/index.php?rest_route=\/wp\/v2\/users\/3"}],"replies":[{"embeddable":true,"href":"http:\/\/www.elzbieta.archidiecezja.wroc.pl\/index.php?rest_route=%2Fwp%2Fv2%2Fcomments&post=3535"}],"version-history":[{"count":3,"href":"http:\/\/www.elzbieta.archidiecezja.wroc.pl\/index.php?rest_route=\/wp\/v2\/posts\/3535\/revisions"}],"predecessor-version":[{"id":3540,"href":"http:\/\/www.elzbieta.archidiecezja.wroc.pl\/index.php?rest_route=\/wp\/v2\/posts\/3535\/revisions\/3540"}],"wp:featuredmedia":[{"embeddable":true,"href":"http:\/\/www.elzbieta.archidiecezja.wroc.pl\/index.php?rest_route=\/wp\/v2\/media\/1251"}],"wp:attachment":[{"href":"http:\/\/www.elzbieta.archidiecezja.wroc.pl\/index.php?rest_route=%2Fwp%2Fv2%2Fmedia&parent=3535"}],"wp:term":[{"taxonomy":"category","embeddable":true,"href":"http:\/\/www.elzbieta.archidiecezja.wroc.pl\/index.php?rest_route=%2Fwp%2Fv2%2Fcategories&post=3535"},{"taxonomy":"post_tag","embeddable":true,"href":"http:\/\/www.elzbieta.archidiecezja.wroc.pl\/index.php?rest_route=%2Fwp%2Fv2%2Ftags&post=3535"}],"curies":[{"name":"wp","href":"https:\/\/api.w.org\/{rel}","templated":true}]}}