{"id":3530,"date":"2024-12-21T18:58:59","date_gmt":"2024-12-21T17:58:59","guid":{"rendered":"http:\/\/www.elzbieta.archidiecezja.wroc.pl\/?p=3530"},"modified":"2024-12-21T18:58:59","modified_gmt":"2024-12-21T17:58:59","slug":"czwarta-niedziela-adwentu-22-grudnia-2024","status":"publish","type":"post","link":"http:\/\/www.elzbieta.archidiecezja.wroc.pl\/?p=3530","title":{"rendered":"CZWARTA NIEDZIELA ADWENTU &#8211; 22 grudnia 2024"},"content":{"rendered":"<p style=\"text-align: justify;\">1. Dzi\u015b prze\u017cywamy <span style=\"color: #993366;\"><strong>IV Niedziel\u0119 Adwentu<\/strong><\/span>.<\/p>\n<p style=\"text-align: justify;\">2. Kupuj\u0105c \u015bwiece Caritas mo\u017cna jeszcze wesprze\u0107 dzieci z ubogich rodzin w ramach akcji <strong>\u201eWigilijne dzie\u0142o pomocy dzieciom\u201d<em>.<\/em><\/strong> Zach\u0119camy r\u00f3wnie\u017c do nabycia <span style=\"color: #339966;\"><strong>po\u015bwi\u0119conych op\u0142atk\u00f3w<\/strong><\/span>, kt\u00f3re wraz ze <span style=\"color: #ff0000;\"><strong>\u015bwiecami Caritas<\/strong> <\/span>s\u0105 dost\u0119pne przy wyj\u015bciu z\u00a0Bazyliki oraz w zakrystii.<\/p>\n<p style=\"text-align: justify;\">3. Zapraszamy na <strong>ostatnie <\/strong><span style=\"color: #3366ff;\"><strong>Msze \u015bw. roratnie<\/strong> <\/span>w poniedzia\u0142ek i wtorek o\u00a0<span style=\"color: #3366ff;\"><strong>godz.\u00a07:00<\/strong><\/span>.<\/p>\n<p style=\"text-align: justify;\">4. <strong>Liturgiczne obchody <\/strong>pami\u0105tki<strong> Narodzenia Chrystusa <\/strong>rozpoczniemy od <span style=\"color: #ff9900;\"><strong>Pasterki<\/strong><\/span>, czyli Mszy \u015bw. <span style=\"color: #ff9900;\"><strong>o p\u00f3\u0142nocy <\/strong><\/span><strong>z 24 na 25 grudnia<\/strong>, na kt\u00f3r\u0105 bardzo <span style=\"color: #3366ff;\">serdecznie<\/span> zapraszamy. W zwi\u0105zku z tym, \u017ce wieczorem tradycyjnie zasi\u0105dziemy do wigilijnego sto\u0142u, <strong>24 grudnia<\/strong> <strong><u>nie b\u0119dzie<\/u> <\/strong><strong>Mszy \u015bw. o\u00a0godz.\u00a018:00<\/strong>.<\/p>\n<p style=\"text-align: justify;\">5. W uroczysto\u015b\u0107 <span style=\"color: #ff9900;\"><strong>Bo\u017cego Narodzenia <\/strong><\/span><strong>(25.12.)<\/strong> oraz w <span style=\"color: #ff9900;\"><strong>II Dzie\u0144 \u015awi\u0105t<\/strong><\/span> (<strong>\u015bw. Szczepana) (26.12.)<\/strong> obowi\u0105zuje\u00a0<span style=\"color: #ff9900;\"><strong><u>niedzielny<\/u> <\/strong><strong>porz\u0105dek Mszy \u015awi\u0119tych<\/strong><\/span>.<\/p>\n<p style=\"text-align: justify;\">6. Dla podkre\u015blenia \u015bwi\u0105tecznego charakteru Oktawy Bo\u017cego Narodzenia <strong>Biskup Polowy Wojska Polskiego Wies\u0142aw LECHOWICZ<\/strong> udzieli\u0142 wszystkim wiernym Ordynariatu Polowego <span style=\"color: #339966;\"><strong>dyspensy <\/strong><\/span>od obowi\u0105zku zachowania wstrzemi\u0119\u017aliwo\u015bci od\u00a0spo\u017cywania pokarm\u00f3w mi\u0119snych <span style=\"color: #339966;\"><strong>w\u00a0pi\u0105tek 27 grudnia.<\/strong><\/span><\/p>\n<p style=\"text-align: justify;\">7. <strong>W tym tygodniu wspominamy:<\/strong><\/p>\n<p style=\"text-align: justify;\">&#8211; w pi\u0105tek <em>\u015bw. Jana Aposto\u0142a i Ewangelist\u0119<\/em>,<\/p>\n<p style=\"text-align: justify;\">&#8211; w sobot\u0119 <em>\u015bwi\u0119tych M\u0142odziank\u00f3w M\u0119czennik\u00f3w<\/em>.<\/p>\n<p style=\"text-align: justify;\">8. W przysz\u0142\u0105 niedziel\u0119 <span style=\"color: #0000ff;\"><strong>29 grudnia<\/strong> <\/span>b\u0119dziemy obchodzi\u0107 <span style=\"color: #0000ff;\"><strong>\u015bwi\u0119to<\/strong> <strong>\u015awi\u0119tej Rodziny: Jezusa, Maryi i J\u00f3zefa<\/strong><\/span>, zapraszamy do\u00a0wsp\u00f3lnej modlitwy w intencji naszych Rodzin.<\/p>\n<p style=\"text-align: justify;\">Tego dnia szczeg\u00f3lnie zapraszamy na <span style=\"color: #0000ff;\"><strong>Msz\u0119 \u015bw. o godzinie 12:00<\/strong> <strong>Inauguruj\u0105c\u0105 obchody Zwyczajnego Roku Jubileuszowego 2025.<\/strong><\/span><\/p>\n<p style=\"text-align: justify;\">9. <strong>Dzi\u0119kujemy <\/strong>wszystkim, kt\u00f3rzy w czasie adwentu swoimi ofiarami przyczynili si\u0119 do wsparcia potrzebuj\u0105cych i biednych z naszej Parafii.<\/p>\n<p style=\"text-align: justify;\">10. <strong>Solenizantom i jubilatom <\/strong>rozpoczynaj\u0105cego si\u0119 tygodnia \u017cyczymy zdrowia, potrzebnych \u0142ask oraz Bo\u017cego b\u0142ogos\u0142awie\u0144stwa.<\/p>\n","protected":false},"excerpt":{"rendered":"<p>1. Dzi\u015b prze\u017cywamy IV Niedziel\u0119 Adwentu. 2. Kupuj\u0105c \u015bwiece Caritas mo\u017cna jeszcze wesprze\u0107 dzieci z ubogich rodzin w ramach akcji \u201eWigilijne dzie\u0142o pomocy dzieciom\u201d. Zach\u0119camy r\u00f3wnie\u017c do nabycia po\u015bwi\u0119conych op\u0142atk\u00f3w, kt\u00f3re wraz ze \u015bwiecami Caritas s\u0105 dost\u0119pne przy wyj\u015bciu z\u00a0Bazyliki oraz w zakrystii. 3. Zapraszamy na ostatnie Msze \u015bw. roratnie w poniedzia\u0142ek i wtorek o\u00a0godz.\u00a07:00. [&hellip;]<\/p>\n","protected":false},"author":3,"featured_media":3531,"comment_status":"closed","ping_status":"closed","sticky":false,"template":"","format":"standard","meta":[],"categories":[35],"tags":[],"_links":{"self":[{"href":"http:\/\/www.elzbieta.archidiecezja.wroc.pl\/index.php?rest_route=\/wp\/v2\/posts\/3530"}],"collection":[{"href":"http:\/\/www.elzbieta.archidiecezja.wroc.pl\/index.php?rest_route=\/wp\/v2\/posts"}],"about":[{"href":"http:\/\/www.elzbieta.archidiecezja.wroc.pl\/index.php?rest_route=\/wp\/v2\/types\/post"}],"author":[{"embeddable":true,"href":"http:\/\/www.elzbieta.archidiecezja.wroc.pl\/index.php?rest_route=\/wp\/v2\/users\/3"}],"replies":[{"embeddable":true,"href":"http:\/\/www.elzbieta.archidiecezja.wroc.pl\/index.php?rest_route=%2Fwp%2Fv2%2Fcomments&post=3530"}],"version-history":[{"count":1,"href":"http:\/\/www.elzbieta.archidiecezja.wroc.pl\/index.php?rest_route=\/wp\/v2\/posts\/3530\/revisions"}],"predecessor-version":[{"id":3532,"href":"http:\/\/www.elzbieta.archidiecezja.wroc.pl\/index.php?rest_route=\/wp\/v2\/posts\/3530\/revisions\/3532"}],"wp:featuredmedia":[{"embeddable":true,"href":"http:\/\/www.elzbieta.archidiecezja.wroc.pl\/index.php?rest_route=\/wp\/v2\/media\/3531"}],"wp:attachment":[{"href":"http:\/\/www.elzbieta.archidiecezja.wroc.pl\/index.php?rest_route=%2Fwp%2Fv2%2Fmedia&parent=3530"}],"wp:term":[{"taxonomy":"category","embeddable":true,"href":"http:\/\/www.elzbieta.archidiecezja.wroc.pl\/index.php?rest_route=%2Fwp%2Fv2%2Fcategories&post=3530"},{"taxonomy":"post_tag","embeddable":true,"href":"http:\/\/www.elzbieta.archidiecezja.wroc.pl\/index.php?rest_route=%2Fwp%2Fv2%2Ftags&post=3530"}],"curies":[{"name":"wp","href":"https:\/\/api.w.org\/{rel}","templated":true}]}}