{"id":3523,"date":"2024-12-14T10:59:00","date_gmt":"2024-12-14T09:59:00","guid":{"rendered":"http:\/\/www.elzbieta.archidiecezja.wroc.pl\/?p=3523"},"modified":"2024-12-21T19:00:16","modified_gmt":"2024-12-21T18:00:16","slug":"ogloszenia-duszpasterskie-trzecia-niedziela-adwentu-gaudete-15-grudnia-2024","status":"publish","type":"post","link":"http:\/\/www.elzbieta.archidiecezja.wroc.pl\/?p=3523","title":{"rendered":"TRZECIA NIEDZIELA ADWENTU  Gaudete &#8211; 15 grudnia 2024"},"content":{"rendered":"<p>1. Dzisiaj obchodzimy <span style=\"color: #ff00ff;\"><strong>Trzeci\u0105 Niedziel\u0119 Adwentu, nazywan\u0105 niedziel\u0105 rado\u015bci &#8211; Gaudete<\/strong><\/span><strong>,\u00a0<\/strong>kt\u00f3ra u\u015bwiadamia nas, \u017ce spotkanie z Jezusem jest ju\u017c blisko.<\/p>\n<p>2. Serdecznie zapraszamy na <span style=\"color: #00ccff;\"><strong>Msze \u015bw. roratnie<\/strong><\/span>, kt\u00f3re s\u0105 celebrowane w\u00a0naszej Bazylice <strong>od poniedzia\u0142ku do pi\u0105tku<\/strong> <span style=\"color: #00ccff;\">o\u00a0<\/span><strong><span style=\"color: #00ccff;\">godz. 7:00<\/span> <\/strong>oraz\u00a0<strong>w\u00a0sobot\u0119 <span style=\"color: #00ccff;\">o <\/span><\/strong><span style=\"color: #00ccff;\"><strong>godz. 8:00<\/strong><\/span>. Zach\u0119camy do przynoszenia ze sob\u0105 \u015bwiec lub lampion\u00f3w. Niech nie zabraknie w tym czasie podejmowanych dobrowolnych umartwie\u0144 oraz uczynk\u00f3w mi\u0142osierdzia, do\u00a0kt\u00f3rych nale\u017cy wsparcie akcji dla dzieci z biednych rodzin\u00a0<em><strong>\u201eWigilijne dzie\u0142o pomocy dzieciom\u201d<\/strong><\/em><em>.<\/em><\/p>\n<p>\u015awiece <span style=\"color: #ff0000;\"><strong>Caritas<\/strong> <\/span>oraz <span style=\"color: #339966;\"><strong>po\u015bwi\u0119cone op\u0142atki<\/strong> <\/span>s\u0105 do nabycia przy\u00a0wyj\u015bciu z Bazyliki oraz w zakrystii.<\/p>\n<p>3. <strong>Liturgiczne obchody <\/strong><strong>pami\u0105tki narodzenie Chrystusa<\/strong> rozpoczniemy od\u00a0<span style=\"color: #ff9900;\"><strong>Pasterki<\/strong><\/span>, czyli Mszy \u015bw.\u00a0<span style=\"color: #ff9900;\"><strong>o p\u00f3\u0142nocy <\/strong><\/span>z 24 na 25 grudnia, na kt\u00f3r\u0105 ju\u017c teraz serdecznie zapraszamy.<\/p>\n<p>4. <strong>Solenizantom i jubilatom <\/strong>rozpoczynaj\u0105cego si\u0119 tygodnia \u017cyczymy zdrowia, potrzebnych \u0142ask oraz Bo\u017cego b\u0142ogos\u0142awie\u0144stwa.<\/p>\n<p>5. Z powodu obowi\u0105zk\u00f3w duszpasterskich w garnizonie <span style=\"color: #ff0000;\"><strong>we wtorek 17 grudnia wyj\u0105tkowo kancelaria parafialna b\u0119dzie nieczynna.<\/strong><\/span><\/p>\n<p>&nbsp;<\/p>\n","protected":false},"excerpt":{"rendered":"<p>1. Dzisiaj obchodzimy Trzeci\u0105 Niedziel\u0119 Adwentu, nazywan\u0105 niedziel\u0105 rado\u015bci &#8211; Gaudete,\u00a0kt\u00f3ra u\u015bwiadamia nas, \u017ce spotkanie z Jezusem jest ju\u017c blisko. 2. Serdecznie zapraszamy na Msze \u015bw. roratnie, kt\u00f3re s\u0105 celebrowane w\u00a0naszej Bazylice od poniedzia\u0142ku do pi\u0105tku o\u00a0godz. 7:00 oraz\u00a0w\u00a0sobot\u0119 o godz. 8:00. Zach\u0119camy do przynoszenia ze sob\u0105 \u015bwiec lub lampion\u00f3w. Niech nie zabraknie w tym [&hellip;]<\/p>\n","protected":false},"author":3,"featured_media":3524,"comment_status":"closed","ping_status":"closed","sticky":false,"template":"","format":"standard","meta":[],"categories":[35],"tags":[],"_links":{"self":[{"href":"http:\/\/www.elzbieta.archidiecezja.wroc.pl\/index.php?rest_route=\/wp\/v2\/posts\/3523"}],"collection":[{"href":"http:\/\/www.elzbieta.archidiecezja.wroc.pl\/index.php?rest_route=\/wp\/v2\/posts"}],"about":[{"href":"http:\/\/www.elzbieta.archidiecezja.wroc.pl\/index.php?rest_route=\/wp\/v2\/types\/post"}],"author":[{"embeddable":true,"href":"http:\/\/www.elzbieta.archidiecezja.wroc.pl\/index.php?rest_route=\/wp\/v2\/users\/3"}],"replies":[{"embeddable":true,"href":"http:\/\/www.elzbieta.archidiecezja.wroc.pl\/index.php?rest_route=%2Fwp%2Fv2%2Fcomments&post=3523"}],"version-history":[{"count":4,"href":"http:\/\/www.elzbieta.archidiecezja.wroc.pl\/index.php?rest_route=\/wp\/v2\/posts\/3523\/revisions"}],"predecessor-version":[{"id":3533,"href":"http:\/\/www.elzbieta.archidiecezja.wroc.pl\/index.php?rest_route=\/wp\/v2\/posts\/3523\/revisions\/3533"}],"wp:featuredmedia":[{"embeddable":true,"href":"http:\/\/www.elzbieta.archidiecezja.wroc.pl\/index.php?rest_route=\/wp\/v2\/media\/3524"}],"wp:attachment":[{"href":"http:\/\/www.elzbieta.archidiecezja.wroc.pl\/index.php?rest_route=%2Fwp%2Fv2%2Fmedia&parent=3523"}],"wp:term":[{"taxonomy":"category","embeddable":true,"href":"http:\/\/www.elzbieta.archidiecezja.wroc.pl\/index.php?rest_route=%2Fwp%2Fv2%2Fcategories&post=3523"},{"taxonomy":"post_tag","embeddable":true,"href":"http:\/\/www.elzbieta.archidiecezja.wroc.pl\/index.php?rest_route=%2Fwp%2Fv2%2Ftags&post=3523"}],"curies":[{"name":"wp","href":"https:\/\/api.w.org\/{rel}","templated":true}]}}