{"id":3515,"date":"2024-12-07T12:10:20","date_gmt":"2024-12-07T11:10:20","guid":{"rendered":"http:\/\/www.elzbieta.archidiecezja.wroc.pl\/?p=3515"},"modified":"2024-12-07T12:12:03","modified_gmt":"2024-12-07T11:12:03","slug":"uroczystosc-niepokalanego-poczecia-nmp-druga-niedziela-adwentu-8-grudnia-2024","status":"publish","type":"post","link":"http:\/\/www.elzbieta.archidiecezja.wroc.pl\/?p=3515","title":{"rendered":"UROCZYSTO\u015a\u0106 NIEPOKALANEGO POCZ\u0118CIA NMP &#8211; DRUGA NIEDZIELA ADWENTU &#8211; 8 grudnia 2024"},"content":{"rendered":"<p style=\"text-align: justify;\">1. Dzisiejsza <span style=\"color: #3366ff;\"><strong>Uroczysto\u015b\u0107 Niepokalanego Pocz\u0119cia NMP<\/strong><\/span> przypada <strong>w <\/strong><span style=\"color: #993366;\"><strong>II Niedziel\u0119 Adwentu<\/strong><\/span>, kt\u00f3ra jest prze\u017cywana jako <strong>Dzie\u0144 Modlitw i\u00a0Pomocy Ko\u015bcio\u0142owi na Wschodzie<\/strong>. Ofiarami\u00a0do puszek mo\u017cna wesprze\u0107 <strong>dzie\u0142o pomocy Ko\u015bcio\u0142a na\u00a0Wschodzie. <\/strong><\/p>\n<p style=\"text-align: justify;\">2. Serdecznie zapraszamy na <span style=\"color: #993366;\"><strong>Msze \u015bw. roratnie<\/strong><\/span>, kt\u00f3re s\u0105 celebrowane w\u00a0naszej Bazylice <span style=\"color: #993366;\"><strong>od poniedzia\u0142ku do pi\u0105tku o <\/strong><strong>godz. 7:00 <\/strong><strong>oraz\u00a0w\u00a0soboty o <\/strong><strong>godz. 8:00<\/strong><\/span>. Zach\u0119camy do\u00a0przynoszenia ze sob\u0105 \u015bwiec lub\u00a0lampion\u00f3w. Niech nie zabraknie w tym czasie podejmowanych dobrowolnych umartwie\u0144 oraz uczynk\u00f3w mi\u0142osierdzia, do\u00a0kt\u00f3rych nale\u017cy wsparcie dzieci z ubogich rodzin\u00a0w ramach akcji <span style=\"color: #3366ff;\"><em><strong>\u201eWigilijne dzie\u0142o pomocy dzieciom\u201d<\/strong><\/em><\/span><em>.<\/em><\/p>\n<p style=\"text-align: justify;\"><span style=\"color: #ff0000;\"><strong>\u015awiece Caritas<\/strong><\/span> oraz <span style=\"color: #339966;\"><strong>po\u015bwi\u0119cone op\u0142atki<\/strong> <\/span>s\u0105 do nabycia przy wyj\u015bciu z bazyliki oraz w zakrystii.<\/p>\n<p style=\"text-align: justify;\">3. <strong>W pi\u0105tek b\u0119dziemy prze\u017cywa\u0107 43<\/strong><strong>. rocznic\u0119 wprowadzenia stanu wojennego w\u00a0Polsce<\/strong>. M\u00f3dlmy si\u0119 za wszystkich, kt\u00f3rzy zgin\u0119li w tym czasie oraz\u00a0o pok\u00f3j dla naszej Ojczyzny.<\/p>\n<p style=\"text-align: justify;\">4. <strong>W tym tygodniu wspominamy:<\/strong><\/p>\n<p style=\"text-align: justify;\">\u2013 w pi\u0105tek <em><strong>\u015bw. \u0141ucj\u0119<\/strong>,<\/em><\/p>\n<p style=\"text-align: justify;\">\u2013 w sobot\u0119 <em><strong>\u015bw. Jana od Krzy\u017ca.<\/strong><\/em><\/p>\n<p style=\"text-align: justify;\">5. Podczas ostatniej kwesty wolontariusze parafialnego <span style=\"color: #ff0000;\"><strong>Caritas<\/strong> <\/span>zebrali do\u00a0puszek ofiary na kwot\u0119 1002 z\u0142. <strong>B\u00f3g zap\u0142a\u0107 za z\u0142o\u017cone ofiary<\/strong>.<\/p>\n<p style=\"text-align: justify;\">6. <strong>Solenizantom i jubilatom <\/strong>rozpoczynaj\u0105cego si\u0119 tygodnia \u017cyczymy zdrowia, potrzebnych \u0142ask oraz Bo\u017cego b\u0142ogos\u0142awie\u0144stwa.<\/p>\n","protected":false},"excerpt":{"rendered":"<p>1. Dzisiejsza Uroczysto\u015b\u0107 Niepokalanego Pocz\u0119cia NMP przypada w II Niedziel\u0119 Adwentu, kt\u00f3ra jest prze\u017cywana jako Dzie\u0144 Modlitw i\u00a0Pomocy Ko\u015bcio\u0142owi na Wschodzie. Ofiarami\u00a0do puszek mo\u017cna wesprze\u0107 dzie\u0142o pomocy Ko\u015bcio\u0142a na\u00a0Wschodzie. 2. Serdecznie zapraszamy na Msze \u015bw. roratnie, kt\u00f3re s\u0105 celebrowane w\u00a0naszej Bazylice od poniedzia\u0142ku do pi\u0105tku o godz. 7:00 oraz\u00a0w\u00a0soboty o godz. 8:00. Zach\u0119camy do\u00a0przynoszenia ze [&hellip;]<\/p>\n","protected":false},"author":3,"featured_media":3516,"comment_status":"closed","ping_status":"closed","sticky":false,"template":"","format":"standard","meta":[],"categories":[35],"tags":[],"_links":{"self":[{"href":"http:\/\/www.elzbieta.archidiecezja.wroc.pl\/index.php?rest_route=\/wp\/v2\/posts\/3515"}],"collection":[{"href":"http:\/\/www.elzbieta.archidiecezja.wroc.pl\/index.php?rest_route=\/wp\/v2\/posts"}],"about":[{"href":"http:\/\/www.elzbieta.archidiecezja.wroc.pl\/index.php?rest_route=\/wp\/v2\/types\/post"}],"author":[{"embeddable":true,"href":"http:\/\/www.elzbieta.archidiecezja.wroc.pl\/index.php?rest_route=\/wp\/v2\/users\/3"}],"replies":[{"embeddable":true,"href":"http:\/\/www.elzbieta.archidiecezja.wroc.pl\/index.php?rest_route=%2Fwp%2Fv2%2Fcomments&post=3515"}],"version-history":[{"count":6,"href":"http:\/\/www.elzbieta.archidiecezja.wroc.pl\/index.php?rest_route=\/wp\/v2\/posts\/3515\/revisions"}],"predecessor-version":[{"id":3522,"href":"http:\/\/www.elzbieta.archidiecezja.wroc.pl\/index.php?rest_route=\/wp\/v2\/posts\/3515\/revisions\/3522"}],"wp:featuredmedia":[{"embeddable":true,"href":"http:\/\/www.elzbieta.archidiecezja.wroc.pl\/index.php?rest_route=\/wp\/v2\/media\/3516"}],"wp:attachment":[{"href":"http:\/\/www.elzbieta.archidiecezja.wroc.pl\/index.php?rest_route=%2Fwp%2Fv2%2Fmedia&parent=3515"}],"wp:term":[{"taxonomy":"category","embeddable":true,"href":"http:\/\/www.elzbieta.archidiecezja.wroc.pl\/index.php?rest_route=%2Fwp%2Fv2%2Fcategories&post=3515"},{"taxonomy":"post_tag","embeddable":true,"href":"http:\/\/www.elzbieta.archidiecezja.wroc.pl\/index.php?rest_route=%2Fwp%2Fv2%2Ftags&post=3515"}],"curies":[{"name":"wp","href":"https:\/\/api.w.org\/{rel}","templated":true}]}}