{"id":3510,"date":"2024-11-29T17:11:04","date_gmt":"2024-11-29T16:11:04","guid":{"rendered":"http:\/\/www.elzbieta.archidiecezja.wroc.pl\/?p=3510"},"modified":"2024-11-29T18:33:59","modified_gmt":"2024-11-29T17:33:59","slug":"pierwsza-niedziela-adwentu-1-grudnia-2024","status":"publish","type":"post","link":"http:\/\/www.elzbieta.archidiecezja.wroc.pl\/?p=3510","title":{"rendered":"PIERWSZA NIEDZIELA  ADWENTU &#8211; 1 grudnia 2024"},"content":{"rendered":"<p style=\"text-align: justify;\">1. Dzisiejsza niedziela rozpoczyna nowy rok liturgiczny pod has\u0142em: <strong>\u201e<\/strong><strong>Pielgrzymi Nadziei\u201d<\/strong>. Jest r\u00f3wnie\u017c <strong>pierwsz\u0105 niedziel\u0105 grudnia<\/strong>, dlatego na koniec ka\u017cdej Mszy \u015bw. zach\u0119camy do pozostania na kr\u00f3tk\u0105 <span style=\"color: #ff9900;\"><strong>adoracj\u0119 Naj\u015bwi\u0119tszego Sakramentu<\/strong><\/span>.<\/p>\n<p style=\"text-align: justify;\">Jest to jednocze\u015bnie\u00a0<strong>pierwszy dzie\u0144 <\/strong><span style=\"color: #993366;\"><strong>adwentu<\/strong><\/span>, dlatego serdecznie zapraszamy na\u00a0<span style=\"color: #993366;\"><strong>Msze \u015bw. roratnie<\/strong><\/span>, kt\u00f3re b\u0119d\u0105 celebrowane w\u00a0naszej Bazylice <strong>od poniedzia\u0142ku do pi\u0105tku o<\/strong>\u00a0<strong>godz. <span style=\"color: #993366;\">7:00<\/span> <\/strong>oraz\u00a0<strong>w\u00a0soboty o <\/strong><strong>godz. <span style=\"color: #993366;\">8:00<\/span><\/strong>. Zach\u0119camy do\u00a0przynoszenia ze sob\u0105 \u015bwiec lub\u00a0lampion\u00f3w. Niech nie zabraknie w tym czasie podejmowanych dobrowolnych umartwie\u0144 oraz uczynk\u00f3w mi\u0142osierdzia, do\u00a0kt\u00f3rych nale\u017cy wsparcie dla dzieci z ubogich rodzin\u00a0w ramach akcji <em><strong>\u201eWigilijne dzie\u0142o pomocy dzieciom\u201d<\/strong><\/em><em>.<\/em><\/p>\n<p style=\"text-align: justify;\"><span style=\"color: #ff0000;\"><strong>\u015awiece Caritas<\/strong> <\/span>oraz <span style=\"color: #339966;\"><strong>po\u015bwi\u0119cone op\u0142atki<\/strong><\/span> s\u0105 do nabycia przy wyj\u015bciu z bazyliki oraz w zakrystii.<\/p>\n<p style=\"text-align: justify;\">2. W tym tygodniu przypada<strong> pierwszy czwartek, pierwszy pi\u0105tek i pierwsza sobota<\/strong> <strong>miesi\u0105ca<\/strong>:<\/p>\n<p style=\"text-align: justify;\">&#8211;<span style=\"color: #ff9900;\"> <strong><u>w pierwszy czwartek<\/u><\/strong> <\/span>zapraszamy na ca\u0142odzienn\u0105 <strong>adoracj\u0119 Naj\u015bwi\u0119tszego Sakramentu<\/strong>,<br \/>\n&#8211; <span style=\"color: #993366;\"><strong><u>w pierwszy pi\u0105tek<\/u><\/strong><\/span> zach\u0119camy do skorzystania z <strong>sakramentu pokuty i\u00a0pojednania<\/strong>,<br \/>\n&#8211;\u00a0<span style=\"color: #3366ff;\"><strong><u>w pierwsz\u0105 sobot\u0119<\/u><\/strong> <\/span>po Mszy \u015bw. porannej zapraszamy do udzia\u0142u w <strong>nabo\u017ce\u0144stwie wynagradzaj\u0105cym Niepokalanemu Sercu Maryi<\/strong>.<br \/>\nTego dnia w godzinach porannych udamy si\u0119 z <strong>pos\u0142ug\u0105 sakramentaln\u0105 do chorych<\/strong> z\u00a0naszej parafii.<\/p>\n<p style=\"text-align: justify;\">3. <strong>W tym tygodniu wspominamy:<\/strong><\/p>\n<p style=\"text-align: justify;\">&#8211; we wtorek <em><strong>\u015bw. Franciszka Ksawerego<\/strong>,<\/em><\/p>\n<p style=\"text-align: justify;\">&#8211; w pi\u0105tek <em><strong>\u015bw. Miko\u0142aja<\/strong>,<\/em><\/p>\n<p style=\"text-align: justify;\"><em>&#8211; w sobot\u0119 <\/em><em><strong>\u015bw. Ambro\u017cego.<\/strong><\/em><\/p>\n<p style=\"text-align: justify;\">4. <strong>W przysz\u0142\u0105 niedziel\u0119 <\/strong><strong><span style=\"color: #3366ff;\">8 grudnia<\/span> <\/strong><strong>b\u0119dziemy obchodzi\u0107 <\/strong><span style=\"color: #3366ff;\"><strong>Uroczysto\u015b\u0107 Niepokalanego Pocz\u0119cia NMP<\/strong><\/span><strong>.<\/strong><\/p>\n<p style=\"text-align: justify;\">5. Dzisiaj wolontariusze parafialnego oddzia\u0142u <span style=\"color: #ff0000;\"><strong>Caritas<\/strong> <\/span>zbieraj\u0105 <strong>ofiary dla rodzin w trudnej sytuacji materialnej. <\/strong>Wszystkim ofiarodawcom dzi\u0119kujemy za\u00a0okazane wsparcie.<\/p>\n<p style=\"text-align: justify;\">6. <strong>Solenizantom i jubilatom <\/strong>rozpoczynaj\u0105cego si\u0119 tygodnia \u017cyczymy zdrowia, potrzebnych \u0142ask oraz Bo\u017cego b\u0142ogos\u0142awie\u0144stwa.<\/p>\n","protected":false},"excerpt":{"rendered":"<p>1. Dzisiejsza niedziela rozpoczyna nowy rok liturgiczny pod has\u0142em: \u201ePielgrzymi Nadziei\u201d. Jest r\u00f3wnie\u017c pierwsz\u0105 niedziel\u0105 grudnia, dlatego na koniec ka\u017cdej Mszy \u015bw. zach\u0119camy do pozostania na kr\u00f3tk\u0105 adoracj\u0119 Naj\u015bwi\u0119tszego Sakramentu. Jest to jednocze\u015bnie\u00a0pierwszy dzie\u0144 adwentu, dlatego serdecznie zapraszamy na\u00a0Msze \u015bw. roratnie, kt\u00f3re b\u0119d\u0105 celebrowane w\u00a0naszej Bazylice od poniedzia\u0142ku do pi\u0105tku o\u00a0godz. 7:00 oraz\u00a0w\u00a0soboty o godz. [&hellip;]<\/p>\n","protected":false},"author":3,"featured_media":3511,"comment_status":"closed","ping_status":"closed","sticky":false,"template":"","format":"standard","meta":[],"categories":[35],"tags":[],"_links":{"self":[{"href":"http:\/\/www.elzbieta.archidiecezja.wroc.pl\/index.php?rest_route=\/wp\/v2\/posts\/3510"}],"collection":[{"href":"http:\/\/www.elzbieta.archidiecezja.wroc.pl\/index.php?rest_route=\/wp\/v2\/posts"}],"about":[{"href":"http:\/\/www.elzbieta.archidiecezja.wroc.pl\/index.php?rest_route=\/wp\/v2\/types\/post"}],"author":[{"embeddable":true,"href":"http:\/\/www.elzbieta.archidiecezja.wroc.pl\/index.php?rest_route=\/wp\/v2\/users\/3"}],"replies":[{"embeddable":true,"href":"http:\/\/www.elzbieta.archidiecezja.wroc.pl\/index.php?rest_route=%2Fwp%2Fv2%2Fcomments&post=3510"}],"version-history":[{"count":2,"href":"http:\/\/www.elzbieta.archidiecezja.wroc.pl\/index.php?rest_route=\/wp\/v2\/posts\/3510\/revisions"}],"predecessor-version":[{"id":3513,"href":"http:\/\/www.elzbieta.archidiecezja.wroc.pl\/index.php?rest_route=\/wp\/v2\/posts\/3510\/revisions\/3513"}],"wp:featuredmedia":[{"embeddable":true,"href":"http:\/\/www.elzbieta.archidiecezja.wroc.pl\/index.php?rest_route=\/wp\/v2\/media\/3511"}],"wp:attachment":[{"href":"http:\/\/www.elzbieta.archidiecezja.wroc.pl\/index.php?rest_route=%2Fwp%2Fv2%2Fmedia&parent=3510"}],"wp:term":[{"taxonomy":"category","embeddable":true,"href":"http:\/\/www.elzbieta.archidiecezja.wroc.pl\/index.php?rest_route=%2Fwp%2Fv2%2Fcategories&post=3510"},{"taxonomy":"post_tag","embeddable":true,"href":"http:\/\/www.elzbieta.archidiecezja.wroc.pl\/index.php?rest_route=%2Fwp%2Fv2%2Ftags&post=3510"}],"curies":[{"name":"wp","href":"https:\/\/api.w.org\/{rel}","templated":true}]}}