{"id":3483,"date":"2024-11-16T14:14:22","date_gmt":"2024-11-16T13:14:22","guid":{"rendered":"http:\/\/www.elzbieta.archidiecezja.wroc.pl\/?p=3483"},"modified":"2024-11-16T19:19:58","modified_gmt":"2024-11-16T18:19:58","slug":"odpust-ku-czci-sw-elzbiety-wegierskiej-17-listopada-2024","status":"publish","type":"post","link":"http:\/\/www.elzbieta.archidiecezja.wroc.pl\/?p=3483","title":{"rendered":"ODPUST KU CZCI \u015aW. ELZBIETY W\u0118GIERSKIEJ &#8211; 17 listopada 2024"},"content":{"rendered":"<p>1. Dzi\u015b prze\u017cywamy <span style=\"color: #ff9900;\"><strong>odpust ku czci Patronki naszej bazyliki \u015bw. El\u017cbiety W\u0119gierskiej<\/strong><\/span>. Serdecznie zapraszamy na <strong>uroczyst\u0105 Msz\u0119 \u015awi\u0119t\u0105 Odpustow\u0105 <span style=\"color: #ff9900;\"><u>o godzinie 13:00 <\/u><\/span><\/strong><strong>w intencji Parafian oraz \u017bo\u0142nierzy i Pracownik\u00f3w Garnizonu Wroc\u0142aw<\/strong>, kt\u00f3rej b\u0119dzie przewodniczy\u0142 Jego Ekscelencja Ksi\u0105dz Biskup dr Wies\u0142aw Lechowicz Biskup Polowy Wojska Polskiego.<\/p>\n<p>Uroczysto\u015b\u0107 b\u0119dzie transmitowana przez TV POLONI\u0118.<\/p>\n<p><u>Dzi\u015b wyj\u0105tkowo <strong>nie b\u0119dzie Mszy \u015bw. o godzinie 12:00<\/strong>.<\/u><\/p>\n<p>2<strong>. W tym tygodniu wspominamy<\/strong><strong>:<\/strong><\/p>\n<p>&#8211; w poniedzia\u0142ek\u00a0<strong><em>b\u0142. Karolin\u0119 K\u00f3zk\u00f3wn\u0119<\/em><\/strong><em> \u2013 dziewic\u0119 i m\u0119czennic\u0119,<\/em><\/p>\n<p>&#8211; w \u015brod\u0119 <em>\u00a0<strong>\u015aw. Rafa\u0142a Kalinowskiego<\/strong> \u2013 prezbitera,<\/em><\/p>\n<p>&#8211; w czwartek <strong><em>Ofiarowanie NMP<\/em><\/strong><em>,<\/em><\/p>\n<p>&#8211; w pi\u0105tek <em><strong>\u015bw. Cecyli\u0119<\/strong> \u2013 dziewic\u0119 i m\u0119czennic\u0119,<\/em><\/p>\n<p>3<em>. <\/em><strong>W przysz\u0142\u0105 <\/strong>niedziel\u0119 b\u0119dziemy obchodzi\u0107 uroczysto\u015b\u0107 <strong>Jezusa<\/strong> <strong>Chrystusa &#8211; Kr\u00f3la Wszech\u015bwiata<\/strong>, kt\u00f3ra zako\u0144czy rok liturgiczny i przygotuje nas do wej\u015bcia w czas adwentu \u2013 radosnego oczekiwania na przyj\u015bcie Pana.<\/p>\n<p>4.<strong>W zwi\u0105zku <\/strong>ze zbli\u017caj\u0105cymi si\u0119 \u015bwi\u0119tami\u00a0<em>Bo\u017cego Narodzenia <\/em>prosimy <strong>osoby samotne, rodziny w trudnej sytuacji materialnej<\/strong> o sk\u0142adanie poda\u0144 na udzielenie pomocy. Podania mo\u017cna sk\u0142ada\u0107 w\u00a0zakrystii, kancelarii parafialnej lub u cz\u0142onk\u00f3w parafialnego zespo\u0142u <span style=\"color: #ff0000;\"><strong>Caritas<\/strong>.<\/span><\/p>\n<p>5. Podczas\u00a0ostatniej zbi\u00f3rki w ramach <strong>Solidarno\u015bci z Ko\u015bcio\u0142em Prze\u015bladowanym <\/strong>zebrano ofiary na kwot\u0119 1200 z\u0142. B\u00f3g zap\u0142a\u0107 za z\u0142o\u017cone ofiary.<\/p>\n<p>6<em>. <\/em><strong>Solenizantom i jubilatom <\/strong>rozpoczynaj\u0105cego si\u0119 tygodnia \u017cyczymy zdrowia, potrzebnych \u0142ask oraz Bo\u017cego b\u0142ogos\u0142awie\u0144stwa.<\/p>\n","protected":false},"excerpt":{"rendered":"<p>1. Dzi\u015b prze\u017cywamy odpust ku czci Patronki naszej bazyliki \u015bw. El\u017cbiety W\u0119gierskiej. Serdecznie zapraszamy na uroczyst\u0105 Msz\u0119 \u015awi\u0119t\u0105 Odpustow\u0105 o godzinie 13:00 w intencji Parafian oraz \u017bo\u0142nierzy i Pracownik\u00f3w Garnizonu Wroc\u0142aw, kt\u00f3rej b\u0119dzie przewodniczy\u0142 Jego Ekscelencja Ksi\u0105dz Biskup dr Wies\u0142aw Lechowicz Biskup Polowy Wojska Polskiego. Uroczysto\u015b\u0107 b\u0119dzie transmitowana przez TV POLONI\u0118. Dzi\u015b wyj\u0105tkowo nie b\u0119dzie [&hellip;]<\/p>\n","protected":false},"author":3,"featured_media":3484,"comment_status":"closed","ping_status":"closed","sticky":false,"template":"","format":"standard","meta":[],"categories":[35],"tags":[],"_links":{"self":[{"href":"http:\/\/www.elzbieta.archidiecezja.wroc.pl\/index.php?rest_route=\/wp\/v2\/posts\/3483"}],"collection":[{"href":"http:\/\/www.elzbieta.archidiecezja.wroc.pl\/index.php?rest_route=\/wp\/v2\/posts"}],"about":[{"href":"http:\/\/www.elzbieta.archidiecezja.wroc.pl\/index.php?rest_route=\/wp\/v2\/types\/post"}],"author":[{"embeddable":true,"href":"http:\/\/www.elzbieta.archidiecezja.wroc.pl\/index.php?rest_route=\/wp\/v2\/users\/3"}],"replies":[{"embeddable":true,"href":"http:\/\/www.elzbieta.archidiecezja.wroc.pl\/index.php?rest_route=%2Fwp%2Fv2%2Fcomments&post=3483"}],"version-history":[{"count":2,"href":"http:\/\/www.elzbieta.archidiecezja.wroc.pl\/index.php?rest_route=\/wp\/v2\/posts\/3483\/revisions"}],"predecessor-version":[{"id":3486,"href":"http:\/\/www.elzbieta.archidiecezja.wroc.pl\/index.php?rest_route=\/wp\/v2\/posts\/3483\/revisions\/3486"}],"wp:featuredmedia":[{"embeddable":true,"href":"http:\/\/www.elzbieta.archidiecezja.wroc.pl\/index.php?rest_route=\/wp\/v2\/media\/3484"}],"wp:attachment":[{"href":"http:\/\/www.elzbieta.archidiecezja.wroc.pl\/index.php?rest_route=%2Fwp%2Fv2%2Fmedia&parent=3483"}],"wp:term":[{"taxonomy":"category","embeddable":true,"href":"http:\/\/www.elzbieta.archidiecezja.wroc.pl\/index.php?rest_route=%2Fwp%2Fv2%2Fcategories&post=3483"},{"taxonomy":"post_tag","embeddable":true,"href":"http:\/\/www.elzbieta.archidiecezja.wroc.pl\/index.php?rest_route=%2Fwp%2Fv2%2Ftags&post=3483"}],"curies":[{"name":"wp","href":"https:\/\/api.w.org\/{rel}","templated":true}]}}