{"id":3448,"date":"2024-11-03T07:33:47","date_gmt":"2024-11-03T06:33:47","guid":{"rendered":"http:\/\/www.elzbieta.archidiecezja.wroc.pl\/?p=3448"},"modified":"2024-10-29T10:39:43","modified_gmt":"2024-10-29T09:39:43","slug":"trzydziesta-pierwsza-niedziela-zwykla-3-listopada-2024","status":"publish","type":"post","link":"http:\/\/www.elzbieta.archidiecezja.wroc.pl\/?p=3448","title":{"rendered":"TRZYDZIESTA PIERWSZA NIEDZIELA ZWYK\u0141A &#8211; 3 listopada 2024"},"content":{"rendered":"<p style=\"text-align: justify;\">1. <strong>Dzisiaj <\/strong>prze\u017cywamy <strong>pierwsz\u0105 niedziel\u0119 listopada<\/strong>. Na zako\u0144czenie ka\u017cdej Mszy\u00a0\u015bw. zach\u0119camy do pozostania na kr\u00f3tk\u0105 <span style=\"color: #ff9900;\"><strong>adoracj\u0119 Naj\u015bwi\u0119tszego Sakramentu<\/strong>.<\/span><\/p>\n<p style=\"text-align: justify;\">2. <strong>W tym tygodniu wspominamy<\/strong><strong>:<\/strong><\/p>\n<p style=\"text-align: justify;\">&#8211; w poniedzia\u0142ek <strong><em>\u015bw. Karola Boromeusza,<\/em><\/strong><\/p>\n<p style=\"text-align: justify;\"><strong>&#8211; <\/strong>w sobot\u0119 <strong><em>rocznic\u0119 po\u015bwi\u0119cenia Bazyliki Latera\u0144skiej.<\/em><\/strong><\/p>\n<p style=\"text-align: justify;\">3. <strong>W poniedzia\u0142ek <\/strong><span style=\"color: #ff0000;\"><strong>11 listopada<\/strong><\/span><strong> b\u0119dziemy obchodzi\u0107<\/strong> <span style=\"color: #ff0000;\"><strong>106. Rocznic\u0119 Odzyskania Niepodleg\u0142o\u015bci <\/strong><strong>przez nasz\u0105 Ojczyzn\u0119<\/strong><\/span>. Pami\u0119tajmy w modlitwach o\u00a0Tych, kt\u00f3rzy oddali swoje \u017cycie w Jej obronie oraz m\u00f3dlmy si\u0119 za wszystkich rz\u0105dz\u0105cych i obywateli, aby\u00a0odpowiedzialnie korzystali z daru niepodleg\u0142o\u015bci.<\/p>\n<p style=\"text-align: justify;\">Msze \u015bw. b\u0119d\u0105 sprawowane <strong>w porz\u0105dku niedzielnym<\/strong>. W spos\u00f3b szczeg\u00f3lny zapraszamy na\u00a0uroczyst\u0105 <span style=\"color: #ff0000;\"><strong>Msz\u0119 \u015awi\u0119t\u0105 w intencji Ojczyzny o\u00a0godz. 12:00 <\/strong><\/span>z udzia\u0142em wojska.<\/p>\n<p style=\"text-align: justify;\">Serdecznie<strong> zapraszamy do naszej bazyliki na <\/strong><span style=\"color: #0000ff;\"><strong>koncert z cyklu \u201eWroc\u0142awianie \u015bpiewaj\u0105\u201d <\/strong><\/span><strong>ju\u017c w najbli\u017cszy <\/strong><span style=\"color: #0000ff;\"><strong>pi\u0105tek<\/strong> <strong>8 listopada na godz. 19:00<\/strong>.<\/span> Podczas koncertu wraz z\u00a0Ch\u00f3rem Uniwersyteckim, Solistami oraz Orkiestr\u0105 Reprezentacyjn\u0105 Wojsk L\u0105dowych zagrane i\u00a0za\u015bpiewane zostan\u0105 znane <span style=\"color: #0000ff;\"><strong>pie\u015bni patriotyczne.\u00a0<\/strong><\/span><\/p>\n<p style=\"text-align: justify;\">4. W dniach<strong> od 1 do 8 listopada <\/strong>w naszej Bazylice o <span style=\"color: #800080;\"><strong> 17:30<\/strong><\/span> modlimy si\u0119 <span style=\"color: #800080;\"><strong>Koronk\u0105 do\u00a0Bo\u017cego Mi\u0142osierdzia w intencji zmar\u0142ych<\/strong><\/span> wypisanych na kartkach wspominkowych.<\/p>\n<p style=\"text-align: justify;\">5. Ju\u017c teraz serdecznie zapraszamy na <span style=\"color: #ffcc00;\"><strong>uroczyst\u0105 Msz\u0119 \u015awi\u0119t\u0105 Odpustow\u0105 <\/strong><\/span><strong>w intencji Parafian oraz \u017bo\u0142nierzy i Pracownik\u00f3w Garnizonu Wroc\u0142aw<\/strong>, kt\u00f3rej b\u0119dzie przewodniczy\u0142 Jego Ekscelencja Ksi\u0105dz Biskup dr Wies\u0142aw Lechowicz Biskup Polowy Wojska Polskiego, w <span style=\"color: #ffcc00;\"><strong>niedziel\u0119 17 listopada o godzinie 13:00<\/strong><\/span>. Uroczysto\u015b\u0107 b\u0119dzie transmitowana przez TV POLONI\u0118. <u>Wyj\u0105tkowo tego dnia nie b\u0119dzie Mszy \u015bw. o godzinie 12:00.<\/u><\/p>\n<p style=\"text-align: justify;\">6. Dzisiaj wolontariusze parafialnego oddzia\u0142u <span style=\"color: #ff0000;\"><strong>Caritas<\/strong> <\/span>zbieraj\u0105 <strong>ofiary dla rodzin w trudnej sytuacji materialnej. <\/strong>Wszystkim ofiarodawcom dzi\u0119kujemy za\u00a0okazane wsparcie.<\/p>\n<p style=\"text-align: justify;\"><strong>7. Solenizantom i jubilatom <\/strong>rozpoczynaj\u0105cego si\u0119 tygodnia \u017cyczymy zdrowia, potrzebnych \u0142ask oraz Bo\u017cego b\u0142ogos\u0142awie\u0144stwa.<\/p>\n","protected":false},"excerpt":{"rendered":"<p>1. Dzisiaj prze\u017cywamy pierwsz\u0105 niedziel\u0119 listopada. Na zako\u0144czenie ka\u017cdej Mszy\u00a0\u015bw. zach\u0119camy do pozostania na kr\u00f3tk\u0105 adoracj\u0119 Naj\u015bwi\u0119tszego Sakramentu. 2. W tym tygodniu wspominamy: &#8211; w poniedzia\u0142ek \u015bw. Karola Boromeusza, &#8211; w sobot\u0119 rocznic\u0119 po\u015bwi\u0119cenia Bazyliki Latera\u0144skiej. 3. W poniedzia\u0142ek 11 listopada b\u0119dziemy obchodzi\u0107 106. Rocznic\u0119 Odzyskania Niepodleg\u0142o\u015bci przez nasz\u0105 Ojczyzn\u0119. Pami\u0119tajmy w modlitwach o\u00a0Tych, kt\u00f3rzy [&hellip;]<\/p>\n","protected":false},"author":3,"featured_media":2947,"comment_status":"closed","ping_status":"closed","sticky":false,"template":"","format":"standard","meta":[],"categories":[35],"tags":[],"_links":{"self":[{"href":"http:\/\/www.elzbieta.archidiecezja.wroc.pl\/index.php?rest_route=\/wp\/v2\/posts\/3448"}],"collection":[{"href":"http:\/\/www.elzbieta.archidiecezja.wroc.pl\/index.php?rest_route=\/wp\/v2\/posts"}],"about":[{"href":"http:\/\/www.elzbieta.archidiecezja.wroc.pl\/index.php?rest_route=\/wp\/v2\/types\/post"}],"author":[{"embeddable":true,"href":"http:\/\/www.elzbieta.archidiecezja.wroc.pl\/index.php?rest_route=\/wp\/v2\/users\/3"}],"replies":[{"embeddable":true,"href":"http:\/\/www.elzbieta.archidiecezja.wroc.pl\/index.php?rest_route=%2Fwp%2Fv2%2Fcomments&post=3448"}],"version-history":[{"count":4,"href":"http:\/\/www.elzbieta.archidiecezja.wroc.pl\/index.php?rest_route=\/wp\/v2\/posts\/3448\/revisions"}],"predecessor-version":[{"id":3454,"href":"http:\/\/www.elzbieta.archidiecezja.wroc.pl\/index.php?rest_route=\/wp\/v2\/posts\/3448\/revisions\/3454"}],"wp:featuredmedia":[{"embeddable":true,"href":"http:\/\/www.elzbieta.archidiecezja.wroc.pl\/index.php?rest_route=\/wp\/v2\/media\/2947"}],"wp:attachment":[{"href":"http:\/\/www.elzbieta.archidiecezja.wroc.pl\/index.php?rest_route=%2Fwp%2Fv2%2Fmedia&parent=3448"}],"wp:term":[{"taxonomy":"category","embeddable":true,"href":"http:\/\/www.elzbieta.archidiecezja.wroc.pl\/index.php?rest_route=%2Fwp%2Fv2%2Fcategories&post=3448"},{"taxonomy":"post_tag","embeddable":true,"href":"http:\/\/www.elzbieta.archidiecezja.wroc.pl\/index.php?rest_route=%2Fwp%2Fv2%2Ftags&post=3448"}],"curies":[{"name":"wp","href":"https:\/\/api.w.org\/{rel}","templated":true}]}}