{"id":3416,"date":"2024-10-12T15:29:51","date_gmt":"2024-10-12T13:29:51","guid":{"rendered":"http:\/\/www.elzbieta.archidiecezja.wroc.pl\/?p=3416"},"modified":"2024-11-19T12:43:37","modified_gmt":"2024-11-19T11:43:37","slug":"dwudziesta-osma-niedziela-zwykla-13-pazdziernika-2024","status":"publish","type":"post","link":"http:\/\/www.elzbieta.archidiecezja.wroc.pl\/?p=3416","title":{"rendered":"DWUDZIESTA \u00d3SMA NIEDZIELA ZWYK\u0141A &#8211; 13 pa\u017adziernika 2024"},"content":{"rendered":"<p style=\"text-align: justify;\">1. Dzisiaj w ca\u0142ym kraju obchodzimy <span style=\"color: #3366ff;\"><strong>XXIV Dzie\u0144 Papieski <\/strong><\/span>pod\u00a0has\u0142em:\u00a0<strong>\u201e<\/strong><em><strong>Jan Pawe\u0142 II \u2013 Ewangelia staro\u015bci i cierpienia\u201d<\/strong><\/em><em>. <\/em>To wspania\u0142a okazja, aby zag\u0142\u0119bi\u0107 si\u0119 w nauczanie \u015bw. Jana Paw\u0142a II oraz\u00a0zaanga\u017cowa\u0107 si\u0119 w budow\u0119 \u017cywego pomnika naszego wielkiego Rodaka wspieraj\u0105c <strong>ofiarami do pusze<\/strong>k zdoln\u0105, lecz ubog\u0105 <strong>m\u0142odzie\u017c<\/strong> z\u00a0naszego kraju.<\/p>\n<p style=\"text-align: justify;\">2. <strong>Dzi\u015b <\/strong>odbywa si\u0119 r\u00f3wnie\u017c <strong>coroczne liczenie wiernych<\/strong> Ko\u015bcio\u0142a Katolickiego w Polsce.<\/p>\n<p style=\"text-align: justify;\">3. W poniedzia\u0142ek <strong>14 pa\u017adziernika<\/strong> obchodzimy <strong>Dzie\u0144 Edukacji Narodowej<\/strong>. Pami\u0119tajmy w naszych modlitwach o\u00a0 nauczycielach, wychowawcach i\u00a0katechetach.<\/p>\n<p style=\"text-align: justify;\">4. W tym tygodniu wspominamy:<\/p>\n<p style=\"text-align: justify;\">&#8211; we wtorek <strong><em>\u015bw. Teres\u0119 od Jezusa,<\/em><\/strong><\/p>\n<p style=\"text-align: justify;\">&#8211; w \u015brod\u0119 <strong><em>\u015bw. Jadwig\u0119 \u015al\u0105sk\u0105 <\/em><\/strong><em>\u2013 g\u0142\u00f3wn\u0105 Patronk\u0119 \u015al\u0105ska i Archidiecezji Wroc\u0142awskiej,<\/em><\/p>\n<p style=\"text-align: justify;\">&#8211; w czwartek <strong><em>\u015bw. Ignacego Antioche\u0144skiego,<\/em><\/strong><\/p>\n<p style=\"text-align: justify;\">&#8211; w pi\u0105tek <strong><em>\u015bw. \u0141ukasza Ewangelist\u0119,<\/em><\/strong><\/p>\n<p style=\"text-align: justify;\">&#8211; w sobot\u0119 <strong><em>b\u0142. ks. Jerzego Popie\u0142uszk\u0119.<\/em><\/strong><\/p>\n<p style=\"text-align: justify;\">5. Przez ca\u0142y pa\u017adziernik zapraszamy na <span style=\"color: #3366ff;\"><strong>nabo\u017ce\u0144stwa r\u00f3\u017ca\u0144cowe<\/strong> o\u00a0<strong>godz. 17:30<\/strong><\/span>.<\/p>\n<p style=\"text-align: justify;\">6. Zbli\u017ca si\u0119 listopad, kt\u00f3ry jest po\u015bwi\u0119cony modlitwie za zmar\u0142ych. W dniach od 1 do 8 listopada o <strong>godz. 17.30 <\/strong>b\u0119dziemy odprawia\u0107 <strong>Koronk\u0119 do Bo\u017cego Mi\u0142osierdzia<\/strong> modl\u0105c si\u0119<span style=\"color: #993366;\"> <strong>za zmar\u0142ych wypisanych na kartkach wspominkowych<\/strong><\/span>. W naszej Bazylice pami\u0119tamy o zmar\u0142ych r\u00f3wnie\u017c przez ca\u0142y rok ofiaruj\u0105c za nich <strong>Msz\u0119 \u015bw. w ka\u017cdy I pi\u0105tek miesi\u0105ca<\/strong> <strong>o godz. 18:00<\/strong>, a tak\u017ce <strong>modl\u0105c si\u0119 przed ka\u017cd\u0105 niedzieln\u0105 Msz\u0105 \u015bw. o godz. 12:00<\/strong>. Przy wyj\u015bciu z Bazyliki s\u0105 wy\u0142o\u017cone kartki, na kt\u00f3rych mo\u017cna wypisa\u0107 imiona zmar\u0142ych. Wype\u0142nione kartki wypominkowe nale\u017cy sk\u0142ada\u0107 w zakrystii.<\/p>\n<p style=\"text-align: justify;\"><strong>Jednocze\u015bnie przypominamy, \u017ce od 1 do 8 listopada<\/strong> <strong>za pobo\u017cne nawiedzenie cmentarza i modlitw\u0119 za zmar\u0142ych mo\u017cna uzyska\u0107 odpust zupe\u0142ny pod zwyk\u0142ymi warunkami, kt\u00f3ry mo\u017cna ofiarowa\u0107 za dusze w czy\u015b\u0107cu cierpi\u0105ce.<\/strong><\/p>\n<p style=\"text-align: justify;\"><strong>7. <\/strong>Ju\u017c teraz serdecznie zapraszamy na <strong><span style=\"color: #ffcc00;\">uroczyst\u0105 Msz\u0119 \u015awi\u0119t\u0105 Odpustow\u0105<\/span> <\/strong><strong>w intencji Parafian oraz \u017bo\u0142nierzy i Pracownik\u00f3w Garnizonu Wroc\u0142aw<\/strong>, kt\u00f3rej b\u0119dzie przewodniczy\u0142 Jego Ekscelencja Ksi\u0105dz Biskup dr Wies\u0142aw Lechowicz Biskup Polowy Wojska Polskiego, w <span style=\"color: #ffcc00;\"><strong>niedziel\u0119 17 listopada 2024 roku o godzinie 13:00<\/strong><\/span>. Uroczysto\u015b\u0107 b\u0119dzie transmitowana przez TVP POLONI\u0118. <u>Wyj\u0105tkowo tego dnia nie b\u0119dzie Mszy \u015bw.<br \/>\no godzinie 12:00.<\/u><\/p>\n<p style=\"text-align: justify;\">8. Podczas ostatniej kwesty wolontariusze parafialnego <span style=\"color: #ff0000;\"><strong>Caritas<\/strong><\/span> zebrali do puszek ofiary na kwot\u0119 <strong><span style=\"color: #ff0000;\">5.120 z\u0142<\/span>.<\/strong> Ca\u0142o\u015b\u0107 zosta\u0142a przekazana Caritas Archidiecezji Wroc\u0142awskiej<span style=\"color: #ff0000;\"><strong> na pomoc poszkodowanym w skutek powodzi<\/strong><\/span>. <strong>B\u00f3g zap\u0142a\u0107 za z\u0142o\u017cone ofiary<\/strong>.<\/p>\n<p style=\"text-align: justify;\">9. <strong>Solenizantom i jubilatom <\/strong>rozpoczynaj\u0105cego si\u0119 tygodnia \u017cyczymy zdrowia, potrzebnych \u0142ask oraz Bo\u017cego b\u0142ogos\u0142awie\u0144stwa.<\/p>\n","protected":false},"excerpt":{"rendered":"<p>1. Dzisiaj w ca\u0142ym kraju obchodzimy XXIV Dzie\u0144 Papieski pod\u00a0has\u0142em:\u00a0\u201eJan Pawe\u0142 II \u2013 Ewangelia staro\u015bci i cierpienia\u201d. To wspania\u0142a okazja, aby zag\u0142\u0119bi\u0107 si\u0119 w nauczanie \u015bw. Jana Paw\u0142a II oraz\u00a0zaanga\u017cowa\u0107 si\u0119 w budow\u0119 \u017cywego pomnika naszego wielkiego Rodaka wspieraj\u0105c ofiarami do puszek zdoln\u0105, lecz ubog\u0105 m\u0142odzie\u017c z\u00a0naszego kraju. 2. Dzi\u015b odbywa si\u0119 r\u00f3wnie\u017c coroczne liczenie [&hellip;]<\/p>\n","protected":false},"author":3,"featured_media":3417,"comment_status":"closed","ping_status":"closed","sticky":false,"template":"","format":"standard","meta":[],"categories":[35],"tags":[],"_links":{"self":[{"href":"http:\/\/www.elzbieta.archidiecezja.wroc.pl\/index.php?rest_route=\/wp\/v2\/posts\/3416"}],"collection":[{"href":"http:\/\/www.elzbieta.archidiecezja.wroc.pl\/index.php?rest_route=\/wp\/v2\/posts"}],"about":[{"href":"http:\/\/www.elzbieta.archidiecezja.wroc.pl\/index.php?rest_route=\/wp\/v2\/types\/post"}],"author":[{"embeddable":true,"href":"http:\/\/www.elzbieta.archidiecezja.wroc.pl\/index.php?rest_route=\/wp\/v2\/users\/3"}],"replies":[{"embeddable":true,"href":"http:\/\/www.elzbieta.archidiecezja.wroc.pl\/index.php?rest_route=%2Fwp%2Fv2%2Fcomments&post=3416"}],"version-history":[{"count":5,"href":"http:\/\/www.elzbieta.archidiecezja.wroc.pl\/index.php?rest_route=\/wp\/v2\/posts\/3416\/revisions"}],"predecessor-version":[{"id":3423,"href":"http:\/\/www.elzbieta.archidiecezja.wroc.pl\/index.php?rest_route=\/wp\/v2\/posts\/3416\/revisions\/3423"}],"wp:featuredmedia":[{"embeddable":true,"href":"http:\/\/www.elzbieta.archidiecezja.wroc.pl\/index.php?rest_route=\/wp\/v2\/media\/3417"}],"wp:attachment":[{"href":"http:\/\/www.elzbieta.archidiecezja.wroc.pl\/index.php?rest_route=%2Fwp%2Fv2%2Fmedia&parent=3416"}],"wp:term":[{"taxonomy":"category","embeddable":true,"href":"http:\/\/www.elzbieta.archidiecezja.wroc.pl\/index.php?rest_route=%2Fwp%2Fv2%2Fcategories&post=3416"},{"taxonomy":"post_tag","embeddable":true,"href":"http:\/\/www.elzbieta.archidiecezja.wroc.pl\/index.php?rest_route=%2Fwp%2Fv2%2Ftags&post=3416"}],"curies":[{"name":"wp","href":"https:\/\/api.w.org\/{rel}","templated":true}]}}