{"id":3411,"date":"2024-10-05T07:48:03","date_gmt":"2024-10-05T05:48:03","guid":{"rendered":"http:\/\/www.elzbieta.archidiecezja.wroc.pl\/?p=3411"},"modified":"2024-10-05T14:54:40","modified_gmt":"2024-10-05T12:54:40","slug":"dwudziesta-siodma-niedziela-zwykla-6-pazdziernika-2024","status":"publish","type":"post","link":"http:\/\/www.elzbieta.archidiecezja.wroc.pl\/?p=3411","title":{"rendered":"DWUDZIESTA SI\u00d3DMA NIEDZIELA ZWYK\u0141A &#8211; 6 pa\u017adziernika 2024"},"content":{"rendered":"<p style=\"text-align: justify;\">1. <strong>Dzisiaj <\/strong>prze\u017cywamy <strong>dwudziest\u0105 si\u00f3dm\u0105 niedziel\u0119 zwyk\u0142\u0105<\/strong>.<\/p>\n<p style=\"text-align: justify;\"><span style=\"color: #008000;\"><strong>Po Mszy \u015bw. o godz. 12:00<\/strong> <\/span>z naszej Bazyliki wyruszy <span style=\"color: #008000;\"><strong>Marsz dla \u017bycia i Rodziny<\/strong> p<\/span>od has\u0142em \u201eZjednoczeni dla \u017bycia, Rodziny, Ojczyzny!\u201d. Zach\u0119camy do udzia\u0142u w tym wydarzeniu.<\/p>\n<p style=\"text-align: justify;\">2. Przez ca\u0142y pa\u017adziernik zapraszamy na <span style=\"color: #3366ff;\"><strong>nabo\u017ce\u0144stwa r\u00f3\u017ca\u0144cowe<\/strong> o\u00a0<strong>godz. 17:30<\/strong>.<\/span><\/p>\n<p style=\"text-align: justify;\">W poniedzia\u0142ek przypada <strong>wspomnienie NMP R\u00f3\u017ca\u0144cowej<\/strong>.<\/p>\n<p style=\"text-align: justify;\">3. Tak jak us\u0142yszeli\u015bmy w odczytanym dzisiaj li\u015bcie pasterskim w przysz\u0142\u0105 niedziel\u0119<span style=\"color: #ff6600;\"> <strong>13 pa\u017adziernika<\/strong><\/span> w ca\u0142ym kraju b\u0119dziemy obchodzi\u0107 <span style=\"color: #ff6600;\"><strong>XXIV Dzie\u0144 Papieski<\/strong><\/span> pod has\u0142em: \u201eJan Pawe\u0142 II \u2013 Ewangelia staro\u015bci i cierpienia\u201d. Ofiary z\u0142o\u017cone tego dnia do puszek zostan\u0105 przekazane na <strong>stypendia<\/strong> dla zdolnej m\u0142odzie\u017cy z ubogich rodzin.<\/p>\n<p style=\"text-align: justify;\">Za tydzie\u0144 odbywa\u0107 si\u0119 b\u0119dzie r\u00f3wnie\u017c <strong>coroczne liczenie wiernych<\/strong> Ko\u015bcio\u0142a Katolickiego w Polsce.<\/p>\n<p style=\"text-align: justify;\">W przysz\u0142\u0105 niedziel\u0119 po Mszy \u015bw. o godz. <strong>10:00<\/strong> odb\u0119dzie si\u0119 <strong>spotkanie rodzic\u00f3w wraz z dzie\u0107mi <\/strong>przygotowuj\u0105cymi si\u0119<strong> \u00a0do przyj\u0119cia <\/strong><span style=\"color: #339966;\"><strong>I Komunii \u015bw.<\/strong><\/span><strong> w\u00a0naszej parafii.<\/strong><\/p>\n<p style=\"text-align: justify;\">4. Ju\u017c teraz serdecznie zapraszamy na <strong><span style=\"color: #ff9900;\">uroczyst\u0105 Msz\u0119 \u015awi\u0119t\u0105 Odpustow\u0105 <\/span><\/strong>w intencji Parafian oraz \u017bo\u0142nierzy i Pracownik\u00f3w Garnizonu Wroc\u0142aw, kt\u00f3rej b\u0119dzie przewodniczy\u0142 Jego Ekscelencja Ksi\u0105dz Biskup dr Wies\u0142aw Lechowicz Biskup Polowy Wojska Polskiego, w <span style=\"color: #ff9900;\"><strong>niedziel\u0119 17 listopada 2024 roku o godzinie 13:00<\/strong><\/span>. Uroczysto\u015b\u0107 b\u0119dzie transmitowana przez TVP POLONI\u0118.<br \/>\n<u>Wyj\u0105tkowo tego dnia nie b\u0119dzie Mszy \u015bw. o godzinie 12:00.<\/u><\/p>\n<p style=\"text-align: justify;\">5.<strong> Dzisiaj<\/strong> wolontariusza parafialnego oddzia\u0142u <span style=\"color: #ff0000;\"><strong>Caritas<\/strong> <\/span>zbieraj\u0105 ofiary dla rodzin w trudnej sytuacji materialnej,<strong> kt\u00f3re zostan\u0105 przekazane <\/strong><span style=\"color: #ff0000;\"><strong>poszkodowanym na skutek powodzi<\/strong><\/span><strong>. <\/strong>Wszystkim ofiarodawcom dzi\u0119kujemy za\u00a0gest solidarno\u015bci.<\/p>\n<p style=\"text-align: justify;\">6. <strong>Solenizantom i jubilatom <\/strong>rozpoczynaj\u0105cego si\u0119 tygodnia \u017cyczymy zdrowia, potrzebnych \u0142ask oraz Bo\u017cego b\u0142ogos\u0142awie\u0144stwa.<\/p>\n","protected":false},"excerpt":{"rendered":"<p>1. Dzisiaj prze\u017cywamy dwudziest\u0105 si\u00f3dm\u0105 niedziel\u0119 zwyk\u0142\u0105. Po Mszy \u015bw. o godz. 12:00 z naszej Bazyliki wyruszy Marsz dla \u017bycia i Rodziny pod has\u0142em \u201eZjednoczeni dla \u017bycia, Rodziny, Ojczyzny!\u201d. Zach\u0119camy do udzia\u0142u w tym wydarzeniu. 2. Przez ca\u0142y pa\u017adziernik zapraszamy na nabo\u017ce\u0144stwa r\u00f3\u017ca\u0144cowe o\u00a0godz. 17:30. W poniedzia\u0142ek przypada wspomnienie NMP R\u00f3\u017ca\u0144cowej. 3. Tak jak us\u0142yszeli\u015bmy [&hellip;]<\/p>\n","protected":false},"author":3,"featured_media":3414,"comment_status":"closed","ping_status":"closed","sticky":false,"template":"","format":"standard","meta":[],"categories":[35],"tags":[],"_links":{"self":[{"href":"http:\/\/www.elzbieta.archidiecezja.wroc.pl\/index.php?rest_route=\/wp\/v2\/posts\/3411"}],"collection":[{"href":"http:\/\/www.elzbieta.archidiecezja.wroc.pl\/index.php?rest_route=\/wp\/v2\/posts"}],"about":[{"href":"http:\/\/www.elzbieta.archidiecezja.wroc.pl\/index.php?rest_route=\/wp\/v2\/types\/post"}],"author":[{"embeddable":true,"href":"http:\/\/www.elzbieta.archidiecezja.wroc.pl\/index.php?rest_route=\/wp\/v2\/users\/3"}],"replies":[{"embeddable":true,"href":"http:\/\/www.elzbieta.archidiecezja.wroc.pl\/index.php?rest_route=%2Fwp%2Fv2%2Fcomments&post=3411"}],"version-history":[{"count":2,"href":"http:\/\/www.elzbieta.archidiecezja.wroc.pl\/index.php?rest_route=\/wp\/v2\/posts\/3411\/revisions"}],"predecessor-version":[{"id":3413,"href":"http:\/\/www.elzbieta.archidiecezja.wroc.pl\/index.php?rest_route=\/wp\/v2\/posts\/3411\/revisions\/3413"}],"wp:featuredmedia":[{"embeddable":true,"href":"http:\/\/www.elzbieta.archidiecezja.wroc.pl\/index.php?rest_route=\/wp\/v2\/media\/3414"}],"wp:attachment":[{"href":"http:\/\/www.elzbieta.archidiecezja.wroc.pl\/index.php?rest_route=%2Fwp%2Fv2%2Fmedia&parent=3411"}],"wp:term":[{"taxonomy":"category","embeddable":true,"href":"http:\/\/www.elzbieta.archidiecezja.wroc.pl\/index.php?rest_route=%2Fwp%2Fv2%2Fcategories&post=3411"},{"taxonomy":"post_tag","embeddable":true,"href":"http:\/\/www.elzbieta.archidiecezja.wroc.pl\/index.php?rest_route=%2Fwp%2Fv2%2Ftags&post=3411"}],"curies":[{"name":"wp","href":"https:\/\/api.w.org\/{rel}","templated":true}]}}