{"id":3395,"date":"2024-09-28T15:11:02","date_gmt":"2024-09-28T13:11:02","guid":{"rendered":"http:\/\/www.elzbieta.archidiecezja.wroc.pl\/?p=3395"},"modified":"2024-09-28T19:07:58","modified_gmt":"2024-09-28T17:07:58","slug":"dwudziesta-szosta-niedziela-zwykla-29-wrzesnia-2024","status":"publish","type":"post","link":"http:\/\/www.elzbieta.archidiecezja.wroc.pl\/?p=3395","title":{"rendered":"DWUDZIESTA SZ\u00d3STA NIEDZIELA ZWYK\u0141A &#8211; 29 wrze\u015bnia 2024"},"content":{"rendered":"<p>1. Ostatnia niedziela wrze\u015bnia jest obchodzona jako <strong>\u015awiatowy Dzie\u0144 Migrant\u00f3w i Uchod\u017ac\u00f3w<\/strong><strong>. <\/strong>Pami\u0119tajmy w\u00a0naszych modlitwach o osobach, kt\u00f3re z r\u00f3\u017cnych powod\u00f3w opu\u015bci\u0142y swoje ojczyzny.<\/p>\n<p>2. Zesz\u0142otygodniowa <strong>zbi\u00f3rka ofiar na rzecz poszkodowanych na skutek powodzi wynios\u0142a 7.865 z\u0142.<br \/>\n<\/strong>Z parafii <span style=\"color: #339966;\"><strong>na pomoc Powodzianom<\/strong><\/span> wraz z ofiarami ksi\u0119\u017cy <span style=\"color: #339966;\"><strong>przekazali\u015bmy kwot\u0119 13.865 z\u0142.<br \/>\n<\/strong><\/span>Dzi\u0119kujemy za Wasz szlachetny gest mi\u0142osierdzia wobec bli\u017anich.<\/p>\n<p>3. We wtorek rozpocznie si\u0119 <strong>nowy rok akademicki<\/strong><strong>. <\/strong>Polecajmy Bogu wszystkich student\u00f3w i wyk\u0142adowc\u00f3w wroc\u0142awskich uczelni, a zw\u0142aszcza podchor\u0105\u017cych oraz kadr\u0119\u00a0<strong>Akademii Wojsk L\u0105dowych<\/strong>, w kt\u00f3rej kszta\u0142c\u0105 si\u0119 przyszli oficerowie Wojska Polskiego.<\/p>\n<p>4. Przez ca\u0142y pa\u017adziernik zapraszamy na <span style=\"color: #3366ff;\"><strong>nabo\u017ce\u0144stwa r\u00f3\u017ca\u0144cowe<\/strong> <strong>o\u00a0godz. <\/strong><strong>17:30<\/strong>.<\/span><\/p>\n<p><strong>5. W tym tygodniu przypada<\/strong><strong> pierwszy czwartek, pierwszy pi\u0105tek i pierwsza sobota<\/strong> <strong>miesi\u0105ca<\/strong>:<\/p>\n<p>&#8211; <u>w pierwszy czwartek<\/u> zapraszamy na ca\u0142odzienn\u0105 <strong>adoracj\u0119 Naj\u015bwi\u0119tszego Sakramentu<\/strong>,<\/p>\n<p>&#8211; <u>w pierwszy pi\u0105tek<\/u> zach\u0119camy do skorzystania z <strong>sakramentu pokuty i\u00a0pojednania<\/strong>,<\/p>\n<p>&#8211;\u00a0<u>w pierwsz\u0105 sobot\u0119<\/u> po Mszy \u015bw. porannej zapraszamy do udzia\u0142u w <strong>nabo\u017ce\u0144stwie wynagradzaj\u0105cym Niepokalanemu Sercu Maryi<\/strong>. Tego dnia w\u00a0godzinach porannych udamy si\u0119 z <strong>pos\u0142ug\u0105 sakramentaln\u0105 do chorych<\/strong> z\u00a0naszej parafii.<\/p>\n<p><strong>6. W tym tygodniu wspominamy:<\/strong><\/p>\n<p>&#8211; w poniedzia\u0142ek\u00a0<em><strong>\u015bw. Hieronima<\/strong>,<\/em><\/p>\n<p><em>&#8211; we wtorek <\/em><em><strong>\u015bw. Teres\u0119 od Dzieci\u0105tka Jezus<\/strong><\/em><em>,<\/em><\/p>\n<p>&#8211; w \u015brod\u0119 <strong><em>\u015bw. Anio\u0142\u00f3w Str\u00f3\u017c\u00f3w<\/em><\/strong><em>,<\/em><\/p>\n<p>&#8211; w pi\u0105tek <strong><em>\u015bw. Franciszka z Asy\u017cu<\/em><\/strong><em>,<\/em><\/p>\n<p>&#8211; w sobot\u0119 <strong><em>\u015bw. Faustyn\u0119 Kowalsk\u0105<\/em><\/strong><em>,<\/em><\/p>\n<p><em>\u00ad7. <\/em>W przysz\u0142\u0105 niedziel\u0119: 6 pa\u017adziernika po Mszy \u015bw. o godz. <span style=\"color: #ff0000;\"><strong>10:00<\/strong><\/span> odb\u0119dzie si\u0119 <strong>spotkanie organizacyjne kandydat\u00f3w do <\/strong><span style=\"color: #ff0000;\"><strong>sakramentu bierzmowania<\/strong><\/span><strong> wraz<br \/>\nz rodzicami.<\/strong><\/p>\n<p>Tego dnia po Mszy \u015bw. o godz. <span style=\"color: #3366ff;\"><strong>12:00<\/strong><\/span> z naszej Bazyliki wyruszy <span style=\"color: #3366ff;\"><strong>Marsz dla \u017bycia i Rodziny<\/strong><\/span><strong> pod has\u0142em <em>\u201eZjednoczeni dla \u017bycia, Rodziny, Ojczyzny!\u201d<\/em><\/strong><em>.<br \/>\n<\/em>Zach\u0119camy do udzia\u0142u w tym wydarzeniu.<\/p>\n<p><strong>8. Solenizantom i jubilatom <\/strong>rozpoczynaj\u0105cego si\u0119 tygodnia \u017cyczymy zdrowia, potrzebnych \u0142ask oraz Bo\u017cego b\u0142ogos\u0142awie\u0144stwa.<\/p>\n<p><a href=\"http:\/\/www.elzbieta.archidiecezja.wroc.pl\/wp-content\/uploads\/2024\/09\/zdjecie-plakat-1.png\"><img decoding=\"async\" loading=\"lazy\" class=\"alignnone size-full wp-image-3378\" src=\"http:\/\/www.elzbieta.archidiecezja.wroc.pl\/wp-content\/uploads\/2024\/09\/zdjecie-plakat-1.png\" alt=\"\" srcset=\"http:\/\/www.elzbieta.archidiecezja.wroc.pl\/wp-content\/uploads\/2024\/09\/zdjecie-plakat-1.png 1245w, http:\/\/www.elzbieta.archidiecezja.wroc.pl\/wp-content\/uploads\/2024\/09\/zdjecie-plakat-1-212x300.png 212w, http:\/\/www.elzbieta.archidiecezja.wroc.pl\/wp-content\/uploads\/2024\/09\/zdjecie-plakat-1-724x1024.png 724w, http:\/\/www.elzbieta.archidiecezja.wroc.pl\/wp-content\/uploads\/2024\/09\/zdjecie-plakat-1-768x1086.png 768w, http:\/\/www.elzbieta.archidiecezja.wroc.pl\/wp-content\/uploads\/2024\/09\/zdjecie-plakat-1-1086x1536.png 1086w\" sizes=\"(max-width: 1245px) 100vw, 1245px\" \/><\/a> <a href=\"http:\/\/www.elzbieta.archidiecezja.wroc.pl\/wp-content\/uploads\/2024\/09\/zdjecie-plakat-2.png\"><img decoding=\"async\" loading=\"lazy\" class=\"alignnone size-full wp-image-3379\" src=\"http:\/\/www.elzbieta.archidiecezja.wroc.pl\/wp-content\/uploads\/2024\/09\/zdjecie-plakat-2.png\" alt=\"\" srcset=\"http:\/\/www.elzbieta.archidiecezja.wroc.pl\/wp-content\/uploads\/2024\/09\/zdjecie-plakat-2.png 1373w, http:\/\/www.elzbieta.archidiecezja.wroc.pl\/wp-content\/uploads\/2024\/09\/zdjecie-plakat-2-267x300.png 267w, http:\/\/www.elzbieta.archidiecezja.wroc.pl\/wp-content\/uploads\/2024\/09\/zdjecie-plakat-2-911x1024.png 911w, http:\/\/www.elzbieta.archidiecezja.wroc.pl\/wp-content\/uploads\/2024\/09\/zdjecie-plakat-2-768x863.png 768w, http:\/\/www.elzbieta.archidiecezja.wroc.pl\/wp-content\/uploads\/2024\/09\/zdjecie-plakat-2-1367x1536.png 1367w\" sizes=\"(max-width: 1373px) 100vw, 1373px\" \/><\/a><\/p>\n","protected":false},"excerpt":{"rendered":"<p>1. Ostatnia niedziela wrze\u015bnia jest obchodzona jako \u015awiatowy Dzie\u0144 Migrant\u00f3w i Uchod\u017ac\u00f3w. Pami\u0119tajmy w\u00a0naszych modlitwach o osobach, kt\u00f3re z r\u00f3\u017cnych powod\u00f3w opu\u015bci\u0142y swoje ojczyzny. 2. Zesz\u0142otygodniowa zbi\u00f3rka ofiar na rzecz poszkodowanych na skutek powodzi wynios\u0142a 7.865 z\u0142. Z parafii na pomoc Powodzianom wraz z ofiarami ksi\u0119\u017cy przekazali\u015bmy kwot\u0119 13.865 z\u0142. Dzi\u0119kujemy za Wasz szlachetny gest [&hellip;]<\/p>\n","protected":false},"author":3,"featured_media":3396,"comment_status":"closed","ping_status":"closed","sticky":false,"template":"","format":"standard","meta":[],"categories":[35],"tags":[],"_links":{"self":[{"href":"http:\/\/www.elzbieta.archidiecezja.wroc.pl\/index.php?rest_route=\/wp\/v2\/posts\/3395"}],"collection":[{"href":"http:\/\/www.elzbieta.archidiecezja.wroc.pl\/index.php?rest_route=\/wp\/v2\/posts"}],"about":[{"href":"http:\/\/www.elzbieta.archidiecezja.wroc.pl\/index.php?rest_route=\/wp\/v2\/types\/post"}],"author":[{"embeddable":true,"href":"http:\/\/www.elzbieta.archidiecezja.wroc.pl\/index.php?rest_route=\/wp\/v2\/users\/3"}],"replies":[{"embeddable":true,"href":"http:\/\/www.elzbieta.archidiecezja.wroc.pl\/index.php?rest_route=%2Fwp%2Fv2%2Fcomments&post=3395"}],"version-history":[{"count":5,"href":"http:\/\/www.elzbieta.archidiecezja.wroc.pl\/index.php?rest_route=\/wp\/v2\/posts\/3395\/revisions"}],"predecessor-version":[{"id":3403,"href":"http:\/\/www.elzbieta.archidiecezja.wroc.pl\/index.php?rest_route=\/wp\/v2\/posts\/3395\/revisions\/3403"}],"wp:featuredmedia":[{"embeddable":true,"href":"http:\/\/www.elzbieta.archidiecezja.wroc.pl\/index.php?rest_route=\/wp\/v2\/media\/3396"}],"wp:attachment":[{"href":"http:\/\/www.elzbieta.archidiecezja.wroc.pl\/index.php?rest_route=%2Fwp%2Fv2%2Fmedia&parent=3395"}],"wp:term":[{"taxonomy":"category","embeddable":true,"href":"http:\/\/www.elzbieta.archidiecezja.wroc.pl\/index.php?rest_route=%2Fwp%2Fv2%2Fcategories&post=3395"},{"taxonomy":"post_tag","embeddable":true,"href":"http:\/\/www.elzbieta.archidiecezja.wroc.pl\/index.php?rest_route=%2Fwp%2Fv2%2Ftags&post=3395"}],"curies":[{"name":"wp","href":"https:\/\/api.w.org\/{rel}","templated":true}]}}