{"id":3375,"date":"2024-09-14T11:44:35","date_gmt":"2024-09-14T09:44:35","guid":{"rendered":"http:\/\/www.elzbieta.archidiecezja.wroc.pl\/?p=3375"},"modified":"2024-09-14T13:53:48","modified_gmt":"2024-09-14T11:53:48","slug":"dwudziesta-czwarta-niedziela-zwykla-15-wrzesnia-2024","status":"publish","type":"post","link":"http:\/\/www.elzbieta.archidiecezja.wroc.pl\/?p=3375","title":{"rendered":"DWUDZIESTA CZWARTA NIEDZIELA ZWYK\u0141A &#8211; 15 wrze\u015bnia 2024"},"content":{"rendered":"<p>1. <strong>W dniu dzisiejszym <\/strong><strong>o godz. 16:00<\/strong>\u00a0w naszej Bazylice odb\u0119dzie si\u0119 nabo\u017ce\u0144stwo oraz <span style=\"color: #0000ff;\"><strong>Msza \u015bw.<\/strong> <\/span><strong><span style=\"color: #0000ff;\">dzi\u0119kczynno\u2013b\u0142agalna<\/span> <\/strong><strong>z relikwiami \u015bw. Stanis\u0142awa i \u015bw. Doroty w 27. rocznic\u0119 wielkiej powodzi na Dolnym \u015al\u0105sku i we Wroc\u0142awiu. <\/strong>Eucharystii b\u0119dzie przewodniczy\u0142 <strong>Ks. Biskup Maciej Ma\u0142yga.<br \/>\n<\/strong>Zach\u0119camy do udzia\u0142u w\u00a0tym wydarzeniu.<\/p>\n<p>2. W dniach od 16 do 20 wrze\u015bnia jako kapelani b\u0119dziemy uczestniczy\u0107 w rekolekcjach kap\u0142a\u0144skich.<br \/>\n<strong>Prosimy o modlitw\u0119 w naszej intencji, jednocze\u015bnie \u00a0zapewniamy o duchowej pami\u0119ci.<\/strong><\/p>\n<p>3. <strong>W tym tygodniu wspominamy:<\/strong><\/p>\n<p>\u2013 w poniedzia\u0142ek <em><strong>\u015bw. Korneliusza i Cypriana <\/strong>\u2013 m\u0119czennik\u00f3w,<\/em><\/p>\n<p>\u2013 <em>w \u015brod\u0119 <strong>\u015bw. Stanis\u0142awa Kostk\u0119 \u2013 <\/strong>zakonnika,<\/em><\/p>\n<p>\u2013 w pi\u0105tek <em><strong>\u015bw. m\u0119czennik\u00f3w korea\u0144skich: Andrzeja, Paw\u0142a i Towarzyszy<\/strong>,<\/em><\/p>\n<p>\u2013 <em>w sobot\u0119 <strong>\u015bw. Mateusza <\/strong>\u2013 Aposto\u0142a i Ewangelist\u0119<strong>.<\/strong><\/em><\/p>\n<p>4. W <strong>ka\u017cdy pi\u0105tek wrze\u015bnia<\/strong> o\u00a0godz.\u00a0<strong>19:00<\/strong> zapraszamy do naszej bazyliki na<span style=\"color: #0000ff;\"> <strong>koncerty organowe<\/strong><\/span><strong> w wykonaniu \u201eM\u0142odych Mistrz\u00f3w\u201d<\/strong>. <u>Wst\u0119p\u00a0wolny.<\/u><\/p>\n<p>5. <strong>Informujemy<\/strong>, \u017ce istnieje mo\u017cliwo\u015b\u0107 przyst\u0105pienia do<span style=\"color: #ff0000;\">\u00a0<strong>I Komunii \u015bw<\/strong><strong>i\u0119tej<\/strong> <\/span>oraz\u00a0do\u00a0<span style=\"color: #ff0000;\"><strong>sakramentu Bierzmowania <\/strong><\/span>dzieci, m\u0142odzie\u017cy, a tak\u017ce doros\u0142ych z naszej parafii oraz z\u00a0ca\u0142ego Garnizonu Wroc\u0142aw. <strong>Ch\u0119tnych prosimy o zapisywanie si\u0119 w\u00a0kancelarii parafialnej lub zakrystii do ko\u0144ca wrze\u015bnia.<\/strong><\/p>\n<p>6. Zach\u0119camy do wzi\u0119cia udzia\u0142u w <span style=\"color: #008000;\"><strong>Pielgrzymce Wojska i S\u0142u\u017cb Mundurowych do Rzymu<\/strong> <\/span>z okazji Roku Jubileuszowego w terminie 5-13 lutego 2025, we wsp\u00f3\u0142pracy z Parafi\u0105 Garnizonow\u0105 w Sieradzu. Szczeg\u00f3\u0142owe informacje na broszurce dost\u0119pnej w zakrystii i na stronie internetowej naszej parafii. Koszt oko\u0142o: 4.100 z\u0142. Liczba miejsc ograniczona.<\/p>\n<p>7. <strong>Solenizantom i jubilatom <\/strong>rozpoczynaj\u0105cego si\u0119 tygodnia \u017cyczymy zdrowia, potrzebnych \u0142ask oraz Bo\u017cego b\u0142ogos\u0142awie\u0144stwa.<\/p>\n<p>&nbsp;<\/p>\n<p><a href=\"http:\/\/www.elzbieta.archidiecezja.wroc.pl\/wp-content\/uploads\/2024\/09\/zdjecie-plakat-1.png\"><img decoding=\"async\" loading=\"lazy\" class=\"alignnone size-full wp-image-3378\" src=\"http:\/\/www.elzbieta.archidiecezja.wroc.pl\/wp-content\/uploads\/2024\/09\/zdjecie-plakat-1.png\" alt=\"\" srcset=\"http:\/\/www.elzbieta.archidiecezja.wroc.pl\/wp-content\/uploads\/2024\/09\/zdjecie-plakat-1.png 1245w, http:\/\/www.elzbieta.archidiecezja.wroc.pl\/wp-content\/uploads\/2024\/09\/zdjecie-plakat-1-212x300.png 212w, http:\/\/www.elzbieta.archidiecezja.wroc.pl\/wp-content\/uploads\/2024\/09\/zdjecie-plakat-1-724x1024.png 724w, http:\/\/www.elzbieta.archidiecezja.wroc.pl\/wp-content\/uploads\/2024\/09\/zdjecie-plakat-1-768x1086.png 768w, http:\/\/www.elzbieta.archidiecezja.wroc.pl\/wp-content\/uploads\/2024\/09\/zdjecie-plakat-1-1086x1536.png 1086w\" sizes=\"(max-width: 1245px) 100vw, 1245px\" \/><\/a> <a href=\"http:\/\/www.elzbieta.archidiecezja.wroc.pl\/wp-content\/uploads\/2024\/09\/zdjecie-plakat-2.png\"><img decoding=\"async\" loading=\"lazy\" class=\"alignnone size-full wp-image-3379\" src=\"http:\/\/www.elzbieta.archidiecezja.wroc.pl\/wp-content\/uploads\/2024\/09\/zdjecie-plakat-2.png\" alt=\"\" srcset=\"http:\/\/www.elzbieta.archidiecezja.wroc.pl\/wp-content\/uploads\/2024\/09\/zdjecie-plakat-2.png 1373w, http:\/\/www.elzbieta.archidiecezja.wroc.pl\/wp-content\/uploads\/2024\/09\/zdjecie-plakat-2-267x300.png 267w, http:\/\/www.elzbieta.archidiecezja.wroc.pl\/wp-content\/uploads\/2024\/09\/zdjecie-plakat-2-911x1024.png 911w, http:\/\/www.elzbieta.archidiecezja.wroc.pl\/wp-content\/uploads\/2024\/09\/zdjecie-plakat-2-768x863.png 768w, http:\/\/www.elzbieta.archidiecezja.wroc.pl\/wp-content\/uploads\/2024\/09\/zdjecie-plakat-2-1367x1536.png 1367w\" sizes=\"(max-width: 1373px) 100vw, 1373px\" \/><\/a> <strong><a href=\"http:\/\/www.elzbieta.archidiecezja.wroc.pl\/wp-content\/uploads\/2024\/09\/Pielgrzymka-Rzym.pdf\">Pielgrzymka Rzym &#8211; pdf<\/a><\/strong><\/p>\n","protected":false},"excerpt":{"rendered":"<p>1. W dniu dzisiejszym o godz. 16:00\u00a0w naszej Bazylice odb\u0119dzie si\u0119 nabo\u017ce\u0144stwo oraz Msza \u015bw. dzi\u0119kczynno\u2013b\u0142agalna z relikwiami \u015bw. Stanis\u0142awa i \u015bw. Doroty w 27. rocznic\u0119 wielkiej powodzi na Dolnym \u015al\u0105sku i we Wroc\u0142awiu. Eucharystii b\u0119dzie przewodniczy\u0142 Ks. Biskup Maciej Ma\u0142yga. Zach\u0119camy do udzia\u0142u w\u00a0tym wydarzeniu. 2. W dniach od 16 do 20 wrze\u015bnia jako [&hellip;]<\/p>\n","protected":false},"author":3,"featured_media":3287,"comment_status":"closed","ping_status":"closed","sticky":false,"template":"","format":"standard","meta":[],"categories":[35],"tags":[],"_links":{"self":[{"href":"http:\/\/www.elzbieta.archidiecezja.wroc.pl\/index.php?rest_route=\/wp\/v2\/posts\/3375"}],"collection":[{"href":"http:\/\/www.elzbieta.archidiecezja.wroc.pl\/index.php?rest_route=\/wp\/v2\/posts"}],"about":[{"href":"http:\/\/www.elzbieta.archidiecezja.wroc.pl\/index.php?rest_route=\/wp\/v2\/types\/post"}],"author":[{"embeddable":true,"href":"http:\/\/www.elzbieta.archidiecezja.wroc.pl\/index.php?rest_route=\/wp\/v2\/users\/3"}],"replies":[{"embeddable":true,"href":"http:\/\/www.elzbieta.archidiecezja.wroc.pl\/index.php?rest_route=%2Fwp%2Fv2%2Fcomments&post=3375"}],"version-history":[{"count":7,"href":"http:\/\/www.elzbieta.archidiecezja.wroc.pl\/index.php?rest_route=\/wp\/v2\/posts\/3375\/revisions"}],"predecessor-version":[{"id":3386,"href":"http:\/\/www.elzbieta.archidiecezja.wroc.pl\/index.php?rest_route=\/wp\/v2\/posts\/3375\/revisions\/3386"}],"wp:featuredmedia":[{"embeddable":true,"href":"http:\/\/www.elzbieta.archidiecezja.wroc.pl\/index.php?rest_route=\/wp\/v2\/media\/3287"}],"wp:attachment":[{"href":"http:\/\/www.elzbieta.archidiecezja.wroc.pl\/index.php?rest_route=%2Fwp%2Fv2%2Fmedia&parent=3375"}],"wp:term":[{"taxonomy":"category","embeddable":true,"href":"http:\/\/www.elzbieta.archidiecezja.wroc.pl\/index.php?rest_route=%2Fwp%2Fv2%2Fcategories&post=3375"},{"taxonomy":"post_tag","embeddable":true,"href":"http:\/\/www.elzbieta.archidiecezja.wroc.pl\/index.php?rest_route=%2Fwp%2Fv2%2Ftags&post=3375"}],"curies":[{"name":"wp","href":"https:\/\/api.w.org\/{rel}","templated":true}]}}