{"id":3284,"date":"2024-07-13T07:00:43","date_gmt":"2024-07-13T05:00:43","guid":{"rendered":"http:\/\/www.elzbieta.archidiecezja.wroc.pl\/?p=3284"},"modified":"2024-07-12T16:54:46","modified_gmt":"2024-07-12T14:54:46","slug":"pietnasta-niedziela-zwykla-14-lipca-2024","status":"publish","type":"post","link":"http:\/\/www.elzbieta.archidiecezja.wroc.pl\/?p=3284","title":{"rendered":"PI\u0118TNASTA NIEDZIELA ZWYK\u0141A &#8211; 14 lipca 2024"},"content":{"rendered":"<p>1. Dzi\u015b prze\u017cywamy <strong>pi\u0119tnast\u0105 niedziel\u0119 zwyk\u0142\u0105<\/strong> w ci\u0105gu roku.<\/p>\n<p>2. <strong>W tym<\/strong> <strong>tygodniu wspominamy:<\/strong><\/p>\n<p>&#8211; w poniedzia\u0142ek <em>\u015bw. Bonawentur\u0119 \u2013 biskupa i doktora Ko\u015bcio\u0142a.<\/em><\/p>\n<p><strong>&#8211; <\/strong>we wtorek <em>NMP z G\u00f3ry Karmel<\/em><\/p>\n<p>&#8211; w sobot\u0119 <em>b\u0142. Czes\u0142awa \u2013 prezbitera \u2013 patrona miasta Wroc\u0142awia,<\/em><\/p>\n<p>3. W <strong>ka\u017cdy pi\u0105tek lipca, sierpnia i wrze\u015bnia<\/strong> o\u00a0godz.\u00a0<strong>19:00<\/strong> zapraszamy do\u00a0naszej bazyliki na <strong>letnie koncerty organowe w wykonaniu M\u0142odych Mistrz\u00f3w<\/strong>. Wst\u0119p\u00a0wolny.<\/p>\n<p>4. Podczas ostatniej kwesty wolontariusze parafialnego Caritas zebrali do\u00a0puszek ofiary na\u00a0kwot\u0119 1.105 z\u0142. <strong>B\u00f3g zap\u0142a\u0107 za z\u0142o\u017cone ofiary.<\/strong><\/p>\n<p>5. <strong>Solenizantom i jubilatom <\/strong>rozpoczynaj\u0105cego si\u0119 tygodnia \u017cyczymy zdrowia, potrzebnych \u0142ask oraz Bo\u017cego b\u0142ogos\u0142awie\u0144stwa a <strong>wszystkim przebywaj\u0105cym na\u00a0wakacjach<\/strong> \u017cyczymy dobrego wypoczynku oraz bezpiecznego podr\u00f3\u017cowania.<\/p>\n","protected":false},"excerpt":{"rendered":"<p>1. Dzi\u015b prze\u017cywamy pi\u0119tnast\u0105 niedziel\u0119 zwyk\u0142\u0105 w ci\u0105gu roku. 2. W tym tygodniu wspominamy: &#8211; w poniedzia\u0142ek \u015bw. Bonawentur\u0119 \u2013 biskupa i doktora Ko\u015bcio\u0142a. &#8211; we wtorek NMP z G\u00f3ry Karmel &#8211; w sobot\u0119 b\u0142. Czes\u0142awa \u2013 prezbitera \u2013 patrona miasta Wroc\u0142awia, 3. W ka\u017cdy pi\u0105tek lipca, sierpnia i wrze\u015bnia o\u00a0godz.\u00a019:00 zapraszamy do\u00a0naszej bazyliki na [&hellip;]<\/p>\n","protected":false},"author":3,"featured_media":3287,"comment_status":"closed","ping_status":"closed","sticky":false,"template":"","format":"standard","meta":[],"categories":[35],"tags":[],"_links":{"self":[{"href":"http:\/\/www.elzbieta.archidiecezja.wroc.pl\/index.php?rest_route=\/wp\/v2\/posts\/3284"}],"collection":[{"href":"http:\/\/www.elzbieta.archidiecezja.wroc.pl\/index.php?rest_route=\/wp\/v2\/posts"}],"about":[{"href":"http:\/\/www.elzbieta.archidiecezja.wroc.pl\/index.php?rest_route=\/wp\/v2\/types\/post"}],"author":[{"embeddable":true,"href":"http:\/\/www.elzbieta.archidiecezja.wroc.pl\/index.php?rest_route=\/wp\/v2\/users\/3"}],"replies":[{"embeddable":true,"href":"http:\/\/www.elzbieta.archidiecezja.wroc.pl\/index.php?rest_route=%2Fwp%2Fv2%2Fcomments&post=3284"}],"version-history":[{"count":2,"href":"http:\/\/www.elzbieta.archidiecezja.wroc.pl\/index.php?rest_route=\/wp\/v2\/posts\/3284\/revisions"}],"predecessor-version":[{"id":3288,"href":"http:\/\/www.elzbieta.archidiecezja.wroc.pl\/index.php?rest_route=\/wp\/v2\/posts\/3284\/revisions\/3288"}],"wp:featuredmedia":[{"embeddable":true,"href":"http:\/\/www.elzbieta.archidiecezja.wroc.pl\/index.php?rest_route=\/wp\/v2\/media\/3287"}],"wp:attachment":[{"href":"http:\/\/www.elzbieta.archidiecezja.wroc.pl\/index.php?rest_route=%2Fwp%2Fv2%2Fmedia&parent=3284"}],"wp:term":[{"taxonomy":"category","embeddable":true,"href":"http:\/\/www.elzbieta.archidiecezja.wroc.pl\/index.php?rest_route=%2Fwp%2Fv2%2Fcategories&post=3284"},{"taxonomy":"post_tag","embeddable":true,"href":"http:\/\/www.elzbieta.archidiecezja.wroc.pl\/index.php?rest_route=%2Fwp%2Fv2%2Ftags&post=3284"}],"curies":[{"name":"wp","href":"https:\/\/api.w.org\/{rel}","templated":true}]}}