{"id":3267,"date":"2024-07-05T19:57:31","date_gmt":"2024-07-05T17:57:31","guid":{"rendered":"http:\/\/www.elzbieta.archidiecezja.wroc.pl\/?p=3267"},"modified":"2024-07-05T19:57:31","modified_gmt":"2024-07-05T17:57:31","slug":"czternasta-niedziela-zwykla-7-lipca-2024","status":"publish","type":"post","link":"http:\/\/www.elzbieta.archidiecezja.wroc.pl\/?p=3267","title":{"rendered":"CZTERNASTA NIEDZIELA ZWYK\u0141A &#8211; 7 lipca 2024"},"content":{"rendered":"<p>1. Dzisiaj prze\u017cywamy <strong>pierwsz\u0105 niedziel\u0119 lipca<\/strong>. Na zako\u0144czenie ka\u017cdej Mszy \u015bw. zapraszamy na kr\u00f3tk\u0105 adoracj\u0119 Naj\u015bwi\u0119tszego Sakramentu.<\/p>\n<p>2. <strong>W tym tygodniu wspominamy:<\/strong><\/p>\n<p>&#8211; w poniedzia\u0142ek <strong><em>\u015bw. Jana z Dukli<\/em><\/strong><em> \u2013 prezbitera,<\/em><\/p>\n<p>&#8211; w czwartek <strong><em>\u015bw. Benedykta<\/em><\/strong><em> \u2013 opata \u2013 patrona Europy,<\/em><\/p>\n<p>&#8211; w pi\u0105tek <strong><em>\u015bw. Brunona Bonifacego z Kwerfurtu<\/em><\/strong><em> \u2013 biskupa i m\u0119czennika,<\/em><\/p>\n<p>&#8211; w sobot\u0119 <strong><em>\u015bw. Andrzeja \u015awierada i Benedykta<\/em><\/strong><em> \u2013 pustelnik\u00f3w.<\/em><\/p>\n<p>3.Dzi\u015b wolontariusze parafialnego Caritas zbieraj\u0105 do puszek <strong>ofiary na pomoc dla\u00a0rodzin w trudnej sytuacji materialnej<\/strong>.<br \/>\nWszystkim ofiarodawcom serdecznie dzi\u0119kujemy za okazane wsparcie.<\/p>\n<p>4. W <strong>ka\u017cdy pi\u0105tek lipca, sierpnia i wrze\u015bnia<\/strong> o\u00a0godz.\u00a0<strong>19:00<\/strong> zapraszamy do\u00a0naszej bazyliki na <strong>letnie koncerty organowe w wykonaniu M\u0142odych Mistrz\u00f3w<\/strong>. Wst\u0119p\u00a0wolny.<\/p>\n<p>5. <strong>Solenizantom i jubilatom <\/strong>rozpoczynaj\u0105cego si\u0119 tygodnia \u017cyczymy zdrowia, potrzebnych \u0142ask oraz Bo\u017cego b\u0142ogos\u0142awie\u0144stwa a <strong>wszystkim przebywaj\u0105cym na\u00a0wakacjach<\/strong> \u017cyczymy dobrego wypoczynku oraz bezpiecznego podr\u00f3\u017cowania.<\/p>\n","protected":false},"excerpt":{"rendered":"<p>1. Dzisiaj prze\u017cywamy pierwsz\u0105 niedziel\u0119 lipca. Na zako\u0144czenie ka\u017cdej Mszy \u015bw. zapraszamy na kr\u00f3tk\u0105 adoracj\u0119 Naj\u015bwi\u0119tszego Sakramentu. 2. W tym tygodniu wspominamy: &#8211; w poniedzia\u0142ek \u015bw. Jana z Dukli \u2013 prezbitera, &#8211; w czwartek \u015bw. Benedykta \u2013 opata \u2013 patrona Europy, &#8211; w pi\u0105tek \u015bw. Brunona Bonifacego z Kwerfurtu \u2013 biskupa i m\u0119czennika, &#8211; w [&hellip;]<\/p>\n","protected":false},"author":3,"featured_media":2947,"comment_status":"closed","ping_status":"closed","sticky":false,"template":"","format":"standard","meta":[],"categories":[35],"tags":[],"_links":{"self":[{"href":"http:\/\/www.elzbieta.archidiecezja.wroc.pl\/index.php?rest_route=\/wp\/v2\/posts\/3267"}],"collection":[{"href":"http:\/\/www.elzbieta.archidiecezja.wroc.pl\/index.php?rest_route=\/wp\/v2\/posts"}],"about":[{"href":"http:\/\/www.elzbieta.archidiecezja.wroc.pl\/index.php?rest_route=\/wp\/v2\/types\/post"}],"author":[{"embeddable":true,"href":"http:\/\/www.elzbieta.archidiecezja.wroc.pl\/index.php?rest_route=\/wp\/v2\/users\/3"}],"replies":[{"embeddable":true,"href":"http:\/\/www.elzbieta.archidiecezja.wroc.pl\/index.php?rest_route=%2Fwp%2Fv2%2Fcomments&post=3267"}],"version-history":[{"count":2,"href":"http:\/\/www.elzbieta.archidiecezja.wroc.pl\/index.php?rest_route=\/wp\/v2\/posts\/3267\/revisions"}],"predecessor-version":[{"id":3269,"href":"http:\/\/www.elzbieta.archidiecezja.wroc.pl\/index.php?rest_route=\/wp\/v2\/posts\/3267\/revisions\/3269"}],"wp:featuredmedia":[{"embeddable":true,"href":"http:\/\/www.elzbieta.archidiecezja.wroc.pl\/index.php?rest_route=\/wp\/v2\/media\/2947"}],"wp:attachment":[{"href":"http:\/\/www.elzbieta.archidiecezja.wroc.pl\/index.php?rest_route=%2Fwp%2Fv2%2Fmedia&parent=3267"}],"wp:term":[{"taxonomy":"category","embeddable":true,"href":"http:\/\/www.elzbieta.archidiecezja.wroc.pl\/index.php?rest_route=%2Fwp%2Fv2%2Fcategories&post=3267"},{"taxonomy":"post_tag","embeddable":true,"href":"http:\/\/www.elzbieta.archidiecezja.wroc.pl\/index.php?rest_route=%2Fwp%2Fv2%2Ftags&post=3267"}],"curies":[{"name":"wp","href":"https:\/\/api.w.org\/{rel}","templated":true}]}}