{"id":3264,"date":"2024-06-30T09:49:13","date_gmt":"2024-06-30T07:49:13","guid":{"rendered":"http:\/\/www.elzbieta.archidiecezja.wroc.pl\/?p=3264"},"modified":"2024-06-30T09:49:13","modified_gmt":"2024-06-30T07:49:13","slug":"trzynasta-niedziela-zwykla-30-czerwca-2024","status":"publish","type":"post","link":"http:\/\/www.elzbieta.archidiecezja.wroc.pl\/?p=3264","title":{"rendered":"TRZYNASTA NIEDZIELA ZWYK\u0141A &#8211; 30 CZERWCA 2024"},"content":{"rendered":"<p style=\"text-align: justify;\">1. Dzisiaj obchodzimy <strong>trzynast\u0105 niedziel\u0119 zwyk\u0142\u0105<\/strong>.<\/p>\n<p style=\"text-align: justify;\">2. W tygodniu wspominamy:<\/p>\n<p style=\"text-align: justify;\">&#8211; w \u015brod\u0119 <strong>\u015bw. Tomasza Aposto\u0142a<\/strong>.<\/p>\n<p style=\"text-align: justify;\">&#8211; w sobot\u0119 <strong>b\u0142. Marie Teres\u0119 Led\u00f3chowsk\u0105<\/strong>.<\/p>\n<p style=\"text-align: justify;\">3. <strong>W tym tygodniu przypada pierwszy czwartek, pierwszy pi\u0105tek i pierwsza sobota<\/strong> <strong>miesi\u0105ca<\/strong>:<\/p>\n<p style=\"text-align: justify;\">&#8211; w pierwszy czwartek zapraszamy na ca\u0142odzienn\u0105 <strong>adoracj\u0119 Naj\u015bwi\u0119tszego Sakramentu<\/strong>,<\/p>\n<p style=\"text-align: justify;\">&#8211; w pierwszy pi\u0105tek zach\u0119camy do skorzystania z <strong>sakramentu pokuty i\u00a0pojednania<\/strong>,<\/p>\n<p style=\"text-align: justify;\">&#8211;\u00a0w pierwsz\u0105 sobot\u0119 po Mszy \u015bw. porannej o godz. 8.00 zapraszamy do udzia\u0142u w\u00a0<strong>nabo\u017ce\u0144stwie wynagradzaj\u0105cym Niepokalanemu Sercu Maryi<\/strong>. Tego dnia w\u00a0godzinach porannych udamy si\u0119 z <strong>pos\u0142ug\u0105 sakramentaln\u0105 do chorych<\/strong> z\u00a0naszej parafii.<\/p>\n<p style=\"text-align: justify;\">4. W ka\u017cdy pi\u0105tek lipca, sierpnia i wrze\u015bnia o godz. 19.00 zapraszamy do naszej bazyliki na <strong>letnie koncerty organowe w wykonaniu M\u0142odych Mistrz\u00f3w<\/strong>. Wst\u0119p\u00a0wolny.<\/p>\n<p style=\"text-align: justify;\">5. <strong>Decyzj\u0105 Biskupa Polowego Wojska Polskiego Wies\u0142awa LECHOWICZA ks. pp\u0142k Maksymilian JEZIERSKI zostaje odwo\u0142any ze stanowiska wikariusza naszej parafii i mianowany kapelanem X i XI zmiany Polskiego Kontyngentu Wojskowego IRINI na Sycylii. <\/strong><\/p>\n<p style=\"text-align: justify;\">Serdecznie dzi\u0119kujemy za pos\u0142ug\u0119 duszpastersk\u0105 w naszej wojskowo \u2013 cywilnej wsp\u00f3lnocie i \u017cyczymy Bo\u017cego b\u0142ogos\u0142awie\u0144stwa oraz potrzebnych dar\u00f3w do\u00a0realizowania nowych zada\u0144.<\/p>\n<p style=\"text-align: justify;\">6. <strong>Solenizantom i jubilatom <\/strong>rozpoczynaj\u0105cego si\u0119 tygodnia \u017cyczymy zdrowia, potrzebnych \u0142ask oraz Bo\u017cego b\u0142ogos\u0142awie\u0144stwa a <strong>wszystkim przebywaj\u0105cym na\u00a0wakacjach<\/strong> \u017cyczymy dobrego wypoczynku oraz bezpiecznego podr\u00f3\u017cowania.<\/p>\n","protected":false},"excerpt":{"rendered":"<p>1. Dzisiaj obchodzimy trzynast\u0105 niedziel\u0119 zwyk\u0142\u0105. 2. W tygodniu wspominamy: &#8211; w \u015brod\u0119 \u015bw. Tomasza Aposto\u0142a. &#8211; w sobot\u0119 b\u0142. Marie Teres\u0119 Led\u00f3chowsk\u0105. 3. W tym tygodniu przypada pierwszy czwartek, pierwszy pi\u0105tek i pierwsza sobota miesi\u0105ca: &#8211; w pierwszy czwartek zapraszamy na ca\u0142odzienn\u0105 adoracj\u0119 Naj\u015bwi\u0119tszego Sakramentu, &#8211; w pierwszy pi\u0105tek zach\u0119camy do skorzystania z sakramentu [&hellip;]<\/p>\n","protected":false},"author":3,"featured_media":3265,"comment_status":"closed","ping_status":"closed","sticky":false,"template":"","format":"standard","meta":[],"categories":[35],"tags":[],"_links":{"self":[{"href":"http:\/\/www.elzbieta.archidiecezja.wroc.pl\/index.php?rest_route=\/wp\/v2\/posts\/3264"}],"collection":[{"href":"http:\/\/www.elzbieta.archidiecezja.wroc.pl\/index.php?rest_route=\/wp\/v2\/posts"}],"about":[{"href":"http:\/\/www.elzbieta.archidiecezja.wroc.pl\/index.php?rest_route=\/wp\/v2\/types\/post"}],"author":[{"embeddable":true,"href":"http:\/\/www.elzbieta.archidiecezja.wroc.pl\/index.php?rest_route=\/wp\/v2\/users\/3"}],"replies":[{"embeddable":true,"href":"http:\/\/www.elzbieta.archidiecezja.wroc.pl\/index.php?rest_route=%2Fwp%2Fv2%2Fcomments&post=3264"}],"version-history":[{"count":1,"href":"http:\/\/www.elzbieta.archidiecezja.wroc.pl\/index.php?rest_route=\/wp\/v2\/posts\/3264\/revisions"}],"predecessor-version":[{"id":3266,"href":"http:\/\/www.elzbieta.archidiecezja.wroc.pl\/index.php?rest_route=\/wp\/v2\/posts\/3264\/revisions\/3266"}],"wp:featuredmedia":[{"embeddable":true,"href":"http:\/\/www.elzbieta.archidiecezja.wroc.pl\/index.php?rest_route=\/wp\/v2\/media\/3265"}],"wp:attachment":[{"href":"http:\/\/www.elzbieta.archidiecezja.wroc.pl\/index.php?rest_route=%2Fwp%2Fv2%2Fmedia&parent=3264"}],"wp:term":[{"taxonomy":"category","embeddable":true,"href":"http:\/\/www.elzbieta.archidiecezja.wroc.pl\/index.php?rest_route=%2Fwp%2Fv2%2Fcategories&post=3264"},{"taxonomy":"post_tag","embeddable":true,"href":"http:\/\/www.elzbieta.archidiecezja.wroc.pl\/index.php?rest_route=%2Fwp%2Fv2%2Ftags&post=3264"}],"curies":[{"name":"wp","href":"https:\/\/api.w.org\/{rel}","templated":true}]}}