{"id":3262,"date":"2024-06-30T09:44:27","date_gmt":"2024-06-30T07:44:27","guid":{"rendered":"http:\/\/www.elzbieta.archidiecezja.wroc.pl\/?p=3262"},"modified":"2024-06-30T09:44:27","modified_gmt":"2024-06-30T07:44:27","slug":"dwunasta-niedziela-zwykla-23-czerwca-2024","status":"publish","type":"post","link":"http:\/\/www.elzbieta.archidiecezja.wroc.pl\/?p=3262","title":{"rendered":"DWUNASTA NIEDZIELA ZWYK\u0141A &#8211; 23 CZERWCA 2024"},"content":{"rendered":"<p style=\"text-align: justify;\">1. Dzisiaj obchodzimy <strong>dwunast\u0105 niedziel\u0119 zwyk\u0142\u0105<\/strong>.<\/p>\n<p style=\"text-align: justify;\">2. W poniedzia\u0142ek<strong> 24 czerwca <\/strong>b\u0119dziemy obchodzi\u0107 <strong>uroczysto\u015b\u0107<\/strong> <strong>Narodzenia \u015bw.\u00a0Jana Chrzciciela<\/strong>. Jest to \u015bwi\u0119to patronalne miasta Wroc\u0142awia, dlatego pami\u0119tajmy w naszych modlitwach o wszystkich mieszka\u0144cach naszego miasta i\u00a0pro\u015bmy o\u00a0Bo\u017ce b\u0142ogos\u0142awie\u0144stwo i potrzebne \u0142aski dla nas wszystkich.<\/p>\n<p style=\"text-align: justify;\">3. <strong>W sobot\u0119 <\/strong><strong>29 czerwca<\/strong> b\u0119dziemy prze\u017cywa\u0107 <strong>uroczysto\u015b\u0107<\/strong><strong>\u015bwi\u0119tych Aposto\u0142\u00f3w Piotra i\u00a0Paw\u0142a<\/strong>. W tym dniu pami\u0119tajmy w modlitwie o Ojcu \u015awi\u0119tym Franciszku. Wypraszajmy dla Niego dary potrzebne do pe\u0142nienia pos\u0142ugi Piotrowej.<\/p>\n<p style=\"text-align: justify;\">4. W czerwcu codziennie po Mszy \u015bw. wieczornej o godz.18.00 w naszej bazylice celebrujemy <strong>nabo\u017ce\u0144stwo do Serca Pana Jezusa<\/strong>.<\/p>\n<p style=\"text-align: justify;\">5. W ka\u017cdy pi\u0105tek czerwca, lipca, sierpnia i wrze\u015bnia o godz. 19.00 zapraszamy do naszej bazyliki na <strong>letnie koncerty organowe w wykonaniu M\u0142odych Mistrz\u00f3w<\/strong>. Wst\u0119p wolny.<\/p>\n<p style=\"text-align: justify;\">6. <strong>Zako\u0144czy\u0142<\/strong> <strong>si\u0119 rok szkolny i katechetyczne.<\/strong> Wszystkim dzieciom, rodzicom, nauczycielom, katechetom i wychowawcom \u017cyczymy szcz\u0119\u015bliwych oraz\u00a0bezpiecznych wakacji.<\/p>\n<p style=\"text-align: justify;\">7. <strong>Solenizantom i jubilatom <\/strong>rozpoczynaj\u0105cego si\u0119 tygodnia \u017cyczymy zdrowia, potrzebnych \u0142ask oraz Bo\u017cego b\u0142ogos\u0142awie\u0144stwa.<\/p>\n","protected":false},"excerpt":{"rendered":"<p>1. Dzisiaj obchodzimy dwunast\u0105 niedziel\u0119 zwyk\u0142\u0105. 2. W poniedzia\u0142ek 24 czerwca b\u0119dziemy obchodzi\u0107 uroczysto\u015b\u0107 Narodzenia \u015bw.\u00a0Jana Chrzciciela. Jest to \u015bwi\u0119to patronalne miasta Wroc\u0142awia, dlatego pami\u0119tajmy w naszych modlitwach o wszystkich mieszka\u0144cach naszego miasta i\u00a0pro\u015bmy o\u00a0Bo\u017ce b\u0142ogos\u0142awie\u0144stwo i potrzebne \u0142aski dla nas wszystkich. 3. W sobot\u0119 29 czerwca b\u0119dziemy prze\u017cywa\u0107 uroczysto\u015b\u0107\u015bwi\u0119tych Aposto\u0142\u00f3w Piotra i\u00a0Paw\u0142a. W tym [&hellip;]<\/p>\n","protected":false},"author":3,"featured_media":2763,"comment_status":"closed","ping_status":"closed","sticky":false,"template":"","format":"standard","meta":[],"categories":[35],"tags":[],"_links":{"self":[{"href":"http:\/\/www.elzbieta.archidiecezja.wroc.pl\/index.php?rest_route=\/wp\/v2\/posts\/3262"}],"collection":[{"href":"http:\/\/www.elzbieta.archidiecezja.wroc.pl\/index.php?rest_route=\/wp\/v2\/posts"}],"about":[{"href":"http:\/\/www.elzbieta.archidiecezja.wroc.pl\/index.php?rest_route=\/wp\/v2\/types\/post"}],"author":[{"embeddable":true,"href":"http:\/\/www.elzbieta.archidiecezja.wroc.pl\/index.php?rest_route=\/wp\/v2\/users\/3"}],"replies":[{"embeddable":true,"href":"http:\/\/www.elzbieta.archidiecezja.wroc.pl\/index.php?rest_route=%2Fwp%2Fv2%2Fcomments&post=3262"}],"version-history":[{"count":1,"href":"http:\/\/www.elzbieta.archidiecezja.wroc.pl\/index.php?rest_route=\/wp\/v2\/posts\/3262\/revisions"}],"predecessor-version":[{"id":3263,"href":"http:\/\/www.elzbieta.archidiecezja.wroc.pl\/index.php?rest_route=\/wp\/v2\/posts\/3262\/revisions\/3263"}],"wp:featuredmedia":[{"embeddable":true,"href":"http:\/\/www.elzbieta.archidiecezja.wroc.pl\/index.php?rest_route=\/wp\/v2\/media\/2763"}],"wp:attachment":[{"href":"http:\/\/www.elzbieta.archidiecezja.wroc.pl\/index.php?rest_route=%2Fwp%2Fv2%2Fmedia&parent=3262"}],"wp:term":[{"taxonomy":"category","embeddable":true,"href":"http:\/\/www.elzbieta.archidiecezja.wroc.pl\/index.php?rest_route=%2Fwp%2Fv2%2Fcategories&post=3262"},{"taxonomy":"post_tag","embeddable":true,"href":"http:\/\/www.elzbieta.archidiecezja.wroc.pl\/index.php?rest_route=%2Fwp%2Fv2%2Ftags&post=3262"}],"curies":[{"name":"wp","href":"https:\/\/api.w.org\/{rel}","templated":true}]}}