{"id":3259,"date":"2024-06-14T17:34:48","date_gmt":"2024-06-14T15:34:48","guid":{"rendered":"http:\/\/www.elzbieta.archidiecezja.wroc.pl\/?p=3259"},"modified":"2024-06-14T17:34:48","modified_gmt":"2024-06-14T15:34:48","slug":"jedenasta-niedziela-zwykla-16-czerwca-2024","status":"publish","type":"post","link":"http:\/\/www.elzbieta.archidiecezja.wroc.pl\/?p=3259","title":{"rendered":"JEDENASTA NIEDZIELA ZWYK\u0141A &#8211; 16 czerwca 2024"},"content":{"rendered":"<p>1. Dzisiaj obchodzimy <strong>jedenast\u0105 niedziel\u0119 zwyk\u0142\u0105<\/strong>.<\/p>\n<p>2. W czerwcu codziennie po Mszy \u015bw. wieczornej o godz.18.00 w naszej bazylice celebrujemy <strong>nabo\u017ce\u0144stwo do Serca Pana Jezusa<\/strong>.<\/p>\n<p>3. <strong>W tym tygodniu wspominamy:<\/strong><\/p>\n<p>&#8211; w poniedzia\u0142ek <em>\u015bw. Alberta Chmielowskiego,<\/em><\/p>\n<p>&#8211; w pi\u0105tek <em>\u015bw. Alojzego Gonzag\u0119.<\/em><\/p>\n<p>4. W najbli\u017cszy pi\u0105tek zako\u0144czy si\u0119 rok szkolny i katechetyczne.\u00a0<em><strong>W zwi\u0105zku z\u00a0tym od niedzieli 23 czerwca do ko\u0144ca sierpnia <u>nie b\u0119dzie<\/u> niedzielnych Mszy\u00a0\u015bwi\u0119tych dla Rodzin z dzie\u0107mi. O godz. 10.00 b\u0119d\u0105 zwyk\u0142e niedzielne Msze \u015bwi\u0119te.<\/strong><\/em>Ju\u017c\u00a0teraz wszystkim dzieciom, rodzicom, nauczycielom, katechetom i wychowawcom \u017cyczymy szcz\u0119\u015bliwych oraz bezpiecznych wakacji.<strong>\u00a0<\/strong><\/p>\n<p>5. W ka\u017cdy pi\u0105tek czerwca, lipca, sierpnia i wrze\u015bnia o godz. 19.00 zapraszamy do naszej bazyliki na <strong>letnie koncerty organowe w wykonaniu M\u0142odych Mistrz\u00f3w<\/strong>. Wst\u0119p wolny.<\/p>\n<p>6. <strong>Solenizantom i jubilatom <\/strong>rozpoczynaj\u0105cego si\u0119 tygodnia \u017cyczymy zdrowia, potrzebnych \u0142ask oraz Bo\u017cego b\u0142ogos\u0142awie\u0144stwa.<\/p>\n","protected":false},"excerpt":{"rendered":"<p>1. Dzisiaj obchodzimy jedenast\u0105 niedziel\u0119 zwyk\u0142\u0105. 2. W czerwcu codziennie po Mszy \u015bw. wieczornej o godz.18.00 w naszej bazylice celebrujemy nabo\u017ce\u0144stwo do Serca Pana Jezusa. 3. W tym tygodniu wspominamy: &#8211; w poniedzia\u0142ek \u015bw. Alberta Chmielowskiego, &#8211; w pi\u0105tek \u015bw. Alojzego Gonzag\u0119. 4. W najbli\u017cszy pi\u0105tek zako\u0144czy si\u0119 rok szkolny i katechetyczne.\u00a0W zwi\u0105zku z\u00a0tym od [&hellip;]<\/p>\n","protected":false},"author":3,"featured_media":1425,"comment_status":"closed","ping_status":"closed","sticky":false,"template":"","format":"standard","meta":[],"categories":[35],"tags":[],"_links":{"self":[{"href":"http:\/\/www.elzbieta.archidiecezja.wroc.pl\/index.php?rest_route=\/wp\/v2\/posts\/3259"}],"collection":[{"href":"http:\/\/www.elzbieta.archidiecezja.wroc.pl\/index.php?rest_route=\/wp\/v2\/posts"}],"about":[{"href":"http:\/\/www.elzbieta.archidiecezja.wroc.pl\/index.php?rest_route=\/wp\/v2\/types\/post"}],"author":[{"embeddable":true,"href":"http:\/\/www.elzbieta.archidiecezja.wroc.pl\/index.php?rest_route=\/wp\/v2\/users\/3"}],"replies":[{"embeddable":true,"href":"http:\/\/www.elzbieta.archidiecezja.wroc.pl\/index.php?rest_route=%2Fwp%2Fv2%2Fcomments&post=3259"}],"version-history":[{"count":1,"href":"http:\/\/www.elzbieta.archidiecezja.wroc.pl\/index.php?rest_route=\/wp\/v2\/posts\/3259\/revisions"}],"predecessor-version":[{"id":3260,"href":"http:\/\/www.elzbieta.archidiecezja.wroc.pl\/index.php?rest_route=\/wp\/v2\/posts\/3259\/revisions\/3260"}],"wp:featuredmedia":[{"embeddable":true,"href":"http:\/\/www.elzbieta.archidiecezja.wroc.pl\/index.php?rest_route=\/wp\/v2\/media\/1425"}],"wp:attachment":[{"href":"http:\/\/www.elzbieta.archidiecezja.wroc.pl\/index.php?rest_route=%2Fwp%2Fv2%2Fmedia&parent=3259"}],"wp:term":[{"taxonomy":"category","embeddable":true,"href":"http:\/\/www.elzbieta.archidiecezja.wroc.pl\/index.php?rest_route=%2Fwp%2Fv2%2Fcategories&post=3259"},{"taxonomy":"post_tag","embeddable":true,"href":"http:\/\/www.elzbieta.archidiecezja.wroc.pl\/index.php?rest_route=%2Fwp%2Fv2%2Ftags&post=3259"}],"curies":[{"name":"wp","href":"https:\/\/api.w.org\/{rel}","templated":true}]}}