{"id":2730,"date":"2023-06-17T10:11:37","date_gmt":"2023-06-17T08:11:37","guid":{"rendered":"http:\/\/www.elzbieta.archidiecezja.wroc.pl\/?p=2730"},"modified":"2023-06-17T10:11:37","modified_gmt":"2023-06-17T08:11:37","slug":"xi-niedziela-zwykla-18-czerwca-2023","status":"publish","type":"post","link":"http:\/\/www.elzbieta.archidiecezja.wroc.pl\/?p=2730","title":{"rendered":"XI NIEDZIELA ZWYK\u0141A &#8211; 18 Czerwca 2023"},"content":{"rendered":"<p style=\"text-align: justify;\">1. Dzisiaj obchodzimy <strong>jedenast\u0105 niedziel\u0119 zwyk\u0142\u0105<\/strong> w ci\u0105gu roku.<\/p>\n<p style=\"text-align: justify;\">2. W czerwcu codziennie po Mszy \u015bw. wieczornej o godz.18.00 w naszej bazylice celebrujemy <strong>nabo\u017ce\u0144stwo do Serca Pana Jezusa<\/strong>.<\/p>\n<p style=\"text-align: justify;\">3. <strong>W najbli\u017cszy pi\u0105tek 23 czerwca o godz. 18.00\u00a0w naszej bazylice odb\u0119dzie si\u0119 pierwszy koncert z cyklu &#8222;Wroc\u0142awianie \u015bpiewaj\u0105&#8221;.<\/strong>Koncert swoim patronatem obj\u0119li: J.E. Arcybiskup J\u00f3zef Kupny, Prezydent Wroc\u0142awia Jacek Sutryk, ks. proboszcz p\u0142k Janusz Radzik oraz rektor Akademii Muzycznej we Wroc\u0142awiu. Podczas koncertu zagrane i za\u015bpiewane (wraz z ch\u00f3rem &#8222;Gaudium&#8221; Uniwersytetu Wroc\u0142awskiego) zostan\u0105 ulubione pie\u015bni \u015bw. Jana Paw\u0142a II, a samo wydarzenie organizowane jest z okazji 40. rocznicy pierwszej wizyty Papie\u017ca Polaka we Wroc\u0142awiu.Na organach Englera zostanie tak\u017ce odegrana &#8222;Msza uroczysta&#8221; Kazimierza Wi\u0142komirskiego. Koncert jest bezp\u0142atny dla publiczno\u015bci.<\/p>\n<p style=\"text-align: justify;\"><strong>Tego dnia <u>nie b\u0119dzie<\/u> Mszy \u015bw. o godz. 18.00 a nabo\u017ce\u0144stwo czerwcowe zostanie odprawione po Mszy \u015bw. porannej o godz. 7.00.<\/strong><\/p>\n<p style=\"text-align: justify;\">4. Jednocze\u015bnie zapraszamy wszystkich na kolejn\u0105 ods\u0142on\u0119 letnich koncert\u00f3w organowych &#8222;M\u0142odych mistrz\u00f3w&#8221;. <strong>Koncerty odbywa\u0107 si\u0119 b\u0119d\u0105 od\u00a030 czerwca, w\u00a0ka\u017cdy\u00a0pi\u0105tek o godz. 19.00 w naszej bazylice i potrwaj\u0105 co najmniej do\u00a0ko\u0144ca sierpnia.<\/strong>\u00a0Te wydarzenia r\u00f3wnie\u017c b\u0119d\u0105 bezp\u0142atne dla publiczno\u015bci.<\/p>\n<p style=\"text-align: justify;\">5. <strong>W sobot\u0119 24 czerwca b\u0119dziemy obchodzi\u0107 uroczysto\u015b\u0107<\/strong> <strong>Narodzenia \u015bw. Jana Chrzciciela<\/strong>. Jest to \u015bwi\u0119to patronalne miasta Wroc\u0142awia, dlatego pami\u0119tajmy w\u00a0naszych modlitwach o wszystkich mieszka\u0144cach naszego miasta i pro\u015bmy o\u00a0Bo\u017ce b\u0142ogos\u0142awie\u0144stwo i potrzebne \u0142aski dla nas wszystkich.<\/p>\n<p style=\"text-align: justify;\">6. W tym tygodniu zako\u0144czy si\u0119 rok szkolny i katechetyczne.\u00a0<strong>W zwi\u0105zku z tym od niedzieli 25 czerwca do ko\u0144ca sierpnia <u>nie b\u0119dzie<\/u> niedzielnych Mszy\u00a0\u015bwi\u0119tych dla Rodzin z dzie\u0107mi. O godz. 10.00 b\u0119d\u0105 zwyk\u0142e niedzielne Msze \u015bwi\u0119te.<\/strong>Ju\u017c\u00a0teraz wszystkim dzieciom, rodzicom, nauczycielom, katechetom i wychowawcom \u017cyczymy szcz\u0119\u015bliwych oraz bezpiecznych wakacji.<\/p>\n<p style=\"text-align: justify;\">7. <strong>Solenizantom i jubilatom <\/strong>rozpoczynaj\u0105cego si\u0119 tygodnia \u017cyczymy zdrowia, potrzebnych \u0142ask oraz Bo\u017cego b\u0142ogos\u0142awie\u0144stwa.<\/p>\n","protected":false},"excerpt":{"rendered":"<p>1. Dzisiaj obchodzimy jedenast\u0105 niedziel\u0119 zwyk\u0142\u0105 w ci\u0105gu roku. 2. W czerwcu codziennie po Mszy \u015bw. wieczornej o godz.18.00 w naszej bazylice celebrujemy nabo\u017ce\u0144stwo do Serca Pana Jezusa. 3. W najbli\u017cszy pi\u0105tek 23 czerwca o godz. 18.00\u00a0w naszej bazylice odb\u0119dzie si\u0119 pierwszy koncert z cyklu &#8222;Wroc\u0142awianie \u015bpiewaj\u0105&#8221;.Koncert swoim patronatem obj\u0119li: J.E. Arcybiskup J\u00f3zef Kupny, Prezydent [&hellip;]<\/p>\n","protected":false},"author":3,"featured_media":1439,"comment_status":"closed","ping_status":"closed","sticky":false,"template":"","format":"standard","meta":[],"categories":[35],"tags":[],"_links":{"self":[{"href":"http:\/\/www.elzbieta.archidiecezja.wroc.pl\/index.php?rest_route=\/wp\/v2\/posts\/2730"}],"collection":[{"href":"http:\/\/www.elzbieta.archidiecezja.wroc.pl\/index.php?rest_route=\/wp\/v2\/posts"}],"about":[{"href":"http:\/\/www.elzbieta.archidiecezja.wroc.pl\/index.php?rest_route=\/wp\/v2\/types\/post"}],"author":[{"embeddable":true,"href":"http:\/\/www.elzbieta.archidiecezja.wroc.pl\/index.php?rest_route=\/wp\/v2\/users\/3"}],"replies":[{"embeddable":true,"href":"http:\/\/www.elzbieta.archidiecezja.wroc.pl\/index.php?rest_route=%2Fwp%2Fv2%2Fcomments&post=2730"}],"version-history":[{"count":1,"href":"http:\/\/www.elzbieta.archidiecezja.wroc.pl\/index.php?rest_route=\/wp\/v2\/posts\/2730\/revisions"}],"predecessor-version":[{"id":2731,"href":"http:\/\/www.elzbieta.archidiecezja.wroc.pl\/index.php?rest_route=\/wp\/v2\/posts\/2730\/revisions\/2731"}],"wp:featuredmedia":[{"embeddable":true,"href":"http:\/\/www.elzbieta.archidiecezja.wroc.pl\/index.php?rest_route=\/wp\/v2\/media\/1439"}],"wp:attachment":[{"href":"http:\/\/www.elzbieta.archidiecezja.wroc.pl\/index.php?rest_route=%2Fwp%2Fv2%2Fmedia&parent=2730"}],"wp:term":[{"taxonomy":"category","embeddable":true,"href":"http:\/\/www.elzbieta.archidiecezja.wroc.pl\/index.php?rest_route=%2Fwp%2Fv2%2Fcategories&post=2730"},{"taxonomy":"post_tag","embeddable":true,"href":"http:\/\/www.elzbieta.archidiecezja.wroc.pl\/index.php?rest_route=%2Fwp%2Fv2%2Ftags&post=2730"}],"curies":[{"name":"wp","href":"https:\/\/api.w.org\/{rel}","templated":true}]}}