{"id":2728,"date":"2023-06-10T08:56:21","date_gmt":"2023-06-10T06:56:21","guid":{"rendered":"http:\/\/www.elzbieta.archidiecezja.wroc.pl\/?p=2728"},"modified":"2023-06-10T08:56:21","modified_gmt":"2023-06-10T06:56:21","slug":"x-niedziela-zwykla-11-czerwca-2023","status":"publish","type":"post","link":"http:\/\/www.elzbieta.archidiecezja.wroc.pl\/?p=2728","title":{"rendered":"X NIEDZIELA ZWYK\u0141A &#8211; 11 Czerwca 2023"},"content":{"rendered":"<p style=\"text-align: justify;\">1. Dzisiaj obchodzimy <strong>dziesi\u0105t\u0105 niedziel\u0119 zwyk\u0142\u0105<\/strong> w ci\u0105gu roku.<\/p>\n<p style=\"text-align: justify;\">2. Codziennie po Mszy \u015bw. wieczornej o godz.18.00 zapraszamy na <strong>nabo\u017ce\u0144stwa czerwcowe do Serca Pana Jezusa.<\/strong><\/p>\n<p style=\"text-align: justify;\">3. <strong>W tym tygodniu wspominamy:<\/strong><\/p>\n<p style=\"text-align: justify;\">&#8211; we wtorek <em>\u015bw. Antoniego z Padwy,<\/em><\/p>\n<p style=\"text-align: justify;\">&#8211; w \u015brod\u0119 <em>b\u0142. Micha\u0142a Kozala.<\/em><\/p>\n<p style=\"text-align: justify;\">4. W pi\u0105tek 16 czerwca przypada <strong>uroczysto\u015b\u0107 Naj\u015bwi\u0119tszego Serca Pana Jezusa.<\/strong> B\u0119dziemy wynagradza\u0107 Bo\u017cemu Sercu za wszystkie nasze grzechy, s\u0142abo\u015bci i\u00a0zaniedbania.<\/p>\n<p style=\"text-align: justify;\">5. W sobot\u0119 17 czerwca b\u0119dziemy obchodzi\u0107 wspomnienie <strong>Niepokalanego Serca Naj\u015bwi\u0119tszej Maryi Panny.<\/strong><\/p>\n<p style=\"text-align: justify;\">Tego dnia o godz. 11.00 zapraszamy do Archikatedry Wroc\u0142awskiej na uroczyst\u0105 Msz\u0119 \u015bw. z okazji <strong>10. rocznicy ingresu Jego Ekscelencji Ksi\u0119dza Arcybiskupa J\u00f3zefa KUPNEGO \u2013 Metropolity Wroc\u0142awskiego.<\/strong><\/p>\n<p style=\"text-align: justify;\">6. Solenizantom i jubilatom rozpoczynaj\u0105cego si\u0119 tygodnia \u017cyczymy zdrowia, potrzebnych \u0142ask oraz Bo\u017cego b\u0142ogos\u0142awie\u0144stwa.<\/p>\n","protected":false},"excerpt":{"rendered":"<p>1. Dzisiaj obchodzimy dziesi\u0105t\u0105 niedziel\u0119 zwyk\u0142\u0105 w ci\u0105gu roku. 2. Codziennie po Mszy \u015bw. wieczornej o godz.18.00 zapraszamy na nabo\u017ce\u0144stwa czerwcowe do Serca Pana Jezusa. 3. W tym tygodniu wspominamy: &#8211; we wtorek \u015bw. Antoniego z Padwy, &#8211; w \u015brod\u0119 b\u0142. Micha\u0142a Kozala. 4. W pi\u0105tek 16 czerwca przypada uroczysto\u015b\u0107 Naj\u015bwi\u0119tszego Serca Pana Jezusa. B\u0119dziemy [&hellip;]<\/p>\n","protected":false},"author":3,"featured_media":1683,"comment_status":"closed","ping_status":"closed","sticky":false,"template":"","format":"standard","meta":[],"categories":[35],"tags":[],"_links":{"self":[{"href":"http:\/\/www.elzbieta.archidiecezja.wroc.pl\/index.php?rest_route=\/wp\/v2\/posts\/2728"}],"collection":[{"href":"http:\/\/www.elzbieta.archidiecezja.wroc.pl\/index.php?rest_route=\/wp\/v2\/posts"}],"about":[{"href":"http:\/\/www.elzbieta.archidiecezja.wroc.pl\/index.php?rest_route=\/wp\/v2\/types\/post"}],"author":[{"embeddable":true,"href":"http:\/\/www.elzbieta.archidiecezja.wroc.pl\/index.php?rest_route=\/wp\/v2\/users\/3"}],"replies":[{"embeddable":true,"href":"http:\/\/www.elzbieta.archidiecezja.wroc.pl\/index.php?rest_route=%2Fwp%2Fv2%2Fcomments&post=2728"}],"version-history":[{"count":1,"href":"http:\/\/www.elzbieta.archidiecezja.wroc.pl\/index.php?rest_route=\/wp\/v2\/posts\/2728\/revisions"}],"predecessor-version":[{"id":2729,"href":"http:\/\/www.elzbieta.archidiecezja.wroc.pl\/index.php?rest_route=\/wp\/v2\/posts\/2728\/revisions\/2729"}],"wp:featuredmedia":[{"embeddable":true,"href":"http:\/\/www.elzbieta.archidiecezja.wroc.pl\/index.php?rest_route=\/wp\/v2\/media\/1683"}],"wp:attachment":[{"href":"http:\/\/www.elzbieta.archidiecezja.wroc.pl\/index.php?rest_route=%2Fwp%2Fv2%2Fmedia&parent=2728"}],"wp:term":[{"taxonomy":"category","embeddable":true,"href":"http:\/\/www.elzbieta.archidiecezja.wroc.pl\/index.php?rest_route=%2Fwp%2Fv2%2Fcategories&post=2728"},{"taxonomy":"post_tag","embeddable":true,"href":"http:\/\/www.elzbieta.archidiecezja.wroc.pl\/index.php?rest_route=%2Fwp%2Fv2%2Ftags&post=2728"}],"curies":[{"name":"wp","href":"https:\/\/api.w.org\/{rel}","templated":true}]}}