{"id":2726,"date":"2023-06-03T19:03:12","date_gmt":"2023-06-03T17:03:12","guid":{"rendered":"http:\/\/www.elzbieta.archidiecezja.wroc.pl\/?p=2726"},"modified":"2023-06-03T19:03:12","modified_gmt":"2023-06-03T17:03:12","slug":"niedziela-trojcy-przenajswietszej-4-czerwca-2023","status":"publish","type":"post","link":"http:\/\/www.elzbieta.archidiecezja.wroc.pl\/?p=2726","title":{"rendered":"NIEDZIELA TR\u00d3JCY PRZENAJ\u015aWI\u0118TSZEJ &#8211; 4 Czerwca 2023"},"content":{"rendered":"<p style=\"text-align: justify;\">1. Dzisiaj obchodzimy uroczysto\u015b\u0107 <strong>Tr\u00f3jcy Przenaj\u015bwi\u0119tszej<\/strong>, kt\u00f3ra jest <strong>pierwsz\u0105 niedziel\u0105 miesi\u0105ca czerwca<\/strong>, dlatego na koniec ka\u017cdej Mszy \u015bw. zach\u0119camy do\u00a0pozostania na kr\u00f3tk\u0105 <strong>adoracj\u0119 Naj\u015bwi\u0119tszego Sakramentu<\/strong>.<\/p>\n<p style=\"text-align: justify;\">2. Dzisiaj obchodzimy r\u00f3wnie\u017c <strong>XVI<\/strong> <strong>\u015awi\u0119to Dzi\u0119kczynienia<\/strong>. Przy wyj\u015bciu z\u00a0Bazyliki b\u0119dzie mo\u017cliwo\u015b\u0107 z\u0142o\u017cenia ofiar do puszek, kt\u00f3re zostan\u0105 przeznaczona na rzecz Sanktuarium Opatrzno\u015bci Bo\u017cej w Warszawie.<\/p>\n<p style=\"text-align: justify;\">3. W najbli\u017cszy czwartek, w uroczysto\u015b\u0107\u00a0<strong>Naj\u015bwi\u0119tszego Cia\u0142a i Krwi Chrystusa<\/strong>, b\u0119dziemy oddawa\u0107 cze\u015b\u0107 i uwielbienie Jezusowi obecnemu pod postaciami eucharystycznymi. W\u00a0tym dniu Msze \u015bw. b\u0119d\u0105 sprawowane w porz\u0105dku niedzielnym.<\/p>\n<p style=\"text-align: justify;\"><strong>Miejska procesja do czterech o\u0142tarzy wyruszy spod Archikatedry Wroc\u0142awskiej po Mszy \u015bw. o godz. 9.00, a zako\u0144czy si\u0119 pod nasz\u0105 Bazylik\u0105. Po\u00a0procesji zapraszamy do udzia\u0142u we Mszy \u015bw. o\u00a0godz. 12.00.\u00a0<\/strong><\/p>\n<p style=\"text-align: justify;\"><strong>Dla podkre\u015blenia \u015bwi\u0105tecznego i rodzinnego charakteru oktawy Bo\u017cego Cia\u0142a <\/strong><strong>Ksi\u0119\u017ca Biskupi na najbli\u017cszy pi\u0105tek udzielili wszystkim wiernym Archidiecezji Wroc\u0142awskiej oraz Ordynariatu Polowego Wojska Polskiego dyspensy od\u00a0obowi\u0105zku zachowania wstrzemi\u0119\u017aliwo\u015bci od spo\u017cywania pokarm\u00f3w mi\u0119snych<\/strong><strong>.<\/strong><\/p>\n<p style=\"text-align: justify;\"><strong>W zwi\u0105zku z uroczysto\u015bciami Bo\u017cego Cia\u0142a w czwartek i w pi\u0105tek kancelaria parafialna b\u0119dzie\u00a0nieczynna<\/strong><em><strong>.<\/strong><\/em><\/p>\n<p style=\"text-align: justify;\">4. Codziennie po Mszy \u015bw. wieczornej o godz.18.00 zapraszamy na <strong>nabo\u017ce\u0144stwa czerwcowe do Serca Pana Jezusa.<\/strong><\/p>\n<p style=\"text-align: justify;\">5. Solenizantom i jubilatom rozpoczynaj\u0105cego si\u0119 tygodnia \u017cyczymy zdrowia, potrzebnych \u0142ask oraz Bo\u017cego b\u0142ogos\u0142awie\u0144stwa.<\/p>\n","protected":false},"excerpt":{"rendered":"<p>1. Dzisiaj obchodzimy uroczysto\u015b\u0107 Tr\u00f3jcy Przenaj\u015bwi\u0119tszej, kt\u00f3ra jest pierwsz\u0105 niedziel\u0105 miesi\u0105ca czerwca, dlatego na koniec ka\u017cdej Mszy \u015bw. zach\u0119camy do\u00a0pozostania na kr\u00f3tk\u0105 adoracj\u0119 Naj\u015bwi\u0119tszego Sakramentu. 2. Dzisiaj obchodzimy r\u00f3wnie\u017c XVI \u015awi\u0119to Dzi\u0119kczynienia. Przy wyj\u015bciu z\u00a0Bazyliki b\u0119dzie mo\u017cliwo\u015b\u0107 z\u0142o\u017cenia ofiar do puszek, kt\u00f3re zostan\u0105 przeznaczona na rzecz Sanktuarium Opatrzno\u015bci Bo\u017cej w Warszawie. 3. W najbli\u017cszy czwartek, [&hellip;]<\/p>\n","protected":false},"author":3,"featured_media":1392,"comment_status":"closed","ping_status":"closed","sticky":false,"template":"","format":"standard","meta":[],"categories":[35],"tags":[],"_links":{"self":[{"href":"http:\/\/www.elzbieta.archidiecezja.wroc.pl\/index.php?rest_route=\/wp\/v2\/posts\/2726"}],"collection":[{"href":"http:\/\/www.elzbieta.archidiecezja.wroc.pl\/index.php?rest_route=\/wp\/v2\/posts"}],"about":[{"href":"http:\/\/www.elzbieta.archidiecezja.wroc.pl\/index.php?rest_route=\/wp\/v2\/types\/post"}],"author":[{"embeddable":true,"href":"http:\/\/www.elzbieta.archidiecezja.wroc.pl\/index.php?rest_route=\/wp\/v2\/users\/3"}],"replies":[{"embeddable":true,"href":"http:\/\/www.elzbieta.archidiecezja.wroc.pl\/index.php?rest_route=%2Fwp%2Fv2%2Fcomments&post=2726"}],"version-history":[{"count":1,"href":"http:\/\/www.elzbieta.archidiecezja.wroc.pl\/index.php?rest_route=\/wp\/v2\/posts\/2726\/revisions"}],"predecessor-version":[{"id":2727,"href":"http:\/\/www.elzbieta.archidiecezja.wroc.pl\/index.php?rest_route=\/wp\/v2\/posts\/2726\/revisions\/2727"}],"wp:featuredmedia":[{"embeddable":true,"href":"http:\/\/www.elzbieta.archidiecezja.wroc.pl\/index.php?rest_route=\/wp\/v2\/media\/1392"}],"wp:attachment":[{"href":"http:\/\/www.elzbieta.archidiecezja.wroc.pl\/index.php?rest_route=%2Fwp%2Fv2%2Fmedia&parent=2726"}],"wp:term":[{"taxonomy":"category","embeddable":true,"href":"http:\/\/www.elzbieta.archidiecezja.wroc.pl\/index.php?rest_route=%2Fwp%2Fv2%2Fcategories&post=2726"},{"taxonomy":"post_tag","embeddable":true,"href":"http:\/\/www.elzbieta.archidiecezja.wroc.pl\/index.php?rest_route=%2Fwp%2Fv2%2Ftags&post=2726"}],"curies":[{"name":"wp","href":"https:\/\/api.w.org\/{rel}","templated":true}]}}