{"id":2719,"date":"2023-05-27T17:03:27","date_gmt":"2023-05-27T15:03:27","guid":{"rendered":"http:\/\/www.elzbieta.archidiecezja.wroc.pl\/?p=2719"},"modified":"2023-05-27T17:14:46","modified_gmt":"2023-05-27T15:14:46","slug":"uroczystosc-zeslania-ducha-swietego-28-maja-2023","status":"publish","type":"post","link":"http:\/\/www.elzbieta.archidiecezja.wroc.pl\/?p=2719","title":{"rendered":"UROCZYSTO\u015a\u0106 ZES\u0141ANIA DUCHA \u015aWI\u0118TEGO \u2013 28 Maja 2023"},"content":{"rendered":"<p style=\"text-align: justify;\">1. Dzi\u015b prze\u017cywamy uroczysto\u015b\u0107 <strong>Zes\u0142ania Ducha \u015awi\u0119tego<\/strong>. Podczas Mszy \u015bwi\u0119tej <strong>o\u00a0godz. 10.00 <\/strong>w naszej Bazylice zostanie udzielona <strong>I\u00a0Komunia \u015bwi\u0119ta<\/strong>.<\/p>\n<p style=\"text-align: justify;\">2. W poniedzia\u0142ek i we wtorek o godz.<strong> 17.30<\/strong> zapraszamy na <strong><strong>nabo\u017ce\u0144stwo majowe ku czci Matki Naj\u015bwi\u0119tszej.<\/strong><\/strong><\/p>\n<p style=\"text-align: justify;\">3. <strong>W \u015brod\u0119 <\/strong><strong>31 maja o godz.\u00a018.00<\/strong> <strong>serdecznie<\/strong> zapraszamy naszych parafian, przyjaci\u00f3\u0142 i\u00a0sympatyk\u00f3w <strong>na obchody 26. rocznicy, <\/strong><strong>kiedy \u015awi\u0119ty Jan Pawe\u0142 II podczas V Pielgrzymki do Ojczyzny w czasie Mi\u0119dzynarodowego Kongresu Eucharystycznego dokona\u0142 po\u015bwi\u0119cenia naszego odbudowanego Ko\u015bcio\u0142a Garnizonowego, a w roku 2003 podni\u00f3s\u0142 \u015bwi\u0105tyni\u0119 do godno\u015bci Bazyliki Mniejszej.<br \/>\n<\/strong>Uroczystej Mszy \u015bw. z opraw\u0105 wojskow\u0105 i udzieleniem sakramentu bierzmowania b\u0119dzie przewodniczy\u0142\u00a0<strong>Biskup Polowy Wojska Polskiego Wies\u0142aw LECHOWICZ.<br \/>\n<\/strong><strong>W zwi\u0105zku<\/strong>\u00a0z uroczysto\u015bciami <strong>nabo\u017ce\u0144stwo majowe tego dnia zostanie odprawione <\/strong><strong>po\u00a0Mszy \u015bw.<\/strong><strong> o\u00a0godz.\u00a07.00.<br \/>\n<\/strong><\/p>\n<p style=\"text-align: justify;\">4. W czwartek 1 czerwca b\u0119dziemy prze\u017cywa\u0107<strong> Mi\u0119dzynarodowy Dzie\u0144 Dziecka<\/strong>. Pami\u0119tajmy o modlitwie w intencji dzieci, aby Jezus b\u0142ogos\u0142awi\u0142 ich duchowy wzrost oraz \u017cyciowy rozw\u00f3j.<\/p>\n<p style=\"text-align: justify;\">5. Przez ca\u0142y miesi\u0105c czerwiec po Mszy \u015bw. wieczornej o godz. <strong>18.00<\/strong> b\u0119dziemy celebrowa\u0107 <strong>nabo\u017ce\u0144stwa do Serca Pana Jezusa<\/strong>.<\/p>\n<p style=\"text-align: justify;\">6.<strong> W tym tygodniu przypada<\/strong><strong> pierwszy czwartek, pierwszy pi\u0105tek i pierwsza sobota<\/strong> <strong>miesi\u0105ca<\/strong>:<br \/>\n&#8211; w pierwszy czwartek zapraszamy na ca\u0142odzienn\u0105 <strong>adoracj\u0119 Naj\u015bwi\u0119tszego Sakramentu<\/strong>,<br \/>\n&#8211; w pierwszy pi\u0105tek zach\u0119camy do skorzystania z <strong>sakramentu pokuty i\u00a0pojednania<\/strong>,<br \/>\n&#8211; w pierwsz\u0105 sobot\u0119 po Mszy \u015bw. porannej zapraszamy do udzia\u0142u w <strong>nabo\u017ce\u0144stwie wynagradzaj\u0105cym Niepokalanemu Sercu Maryi<\/strong>. Tego dnia w\u00a0godzinach porannych udamy si\u0119 z <strong>pos\u0142ug\u0105 sakramentaln\u0105 do chorych<\/strong> z naszej parafii.<\/p>\n<p style=\"text-align: justify;\">7. W tym tygodniu obchodzimy:<br \/>\n&#8211; w poniedzia\u0142ek <strong>\u015bwi\u0119to NMP Matki Ko\u015bcio\u0142a<\/strong>,<br \/>\n&#8211; w \u015brod\u0119 <strong>\u015bwi\u0119to Nawiedzenia NMP<\/strong>,<br \/>\n&#8211; w czwartek <strong>\u015bwi\u0119to Jezusa Chrystusa Najwy\u017cszego i Wiecznego Kap\u0142ana<\/strong>,<br \/>\n&#8211; w sobot\u0119 <strong>wspomnienie \u015bw. m\u0119czennik\u00f3w Karola Lwangi i Towarzyszy<\/strong>.<\/p>\n<p style=\"text-align: justify;\">8.<strong> Solenizantom i jubilatom <\/strong>rozpoczynaj\u0105cego si\u0119 tygodnia \u017cyczymy zdrowia, potrzebnych \u0142ask oraz Bo\u017cego b\u0142ogos\u0142awie\u0144stwa.<\/p>\n","protected":false},"excerpt":{"rendered":"<p>1. Dzi\u015b prze\u017cywamy uroczysto\u015b\u0107 Zes\u0142ania Ducha \u015awi\u0119tego. Podczas Mszy \u015bwi\u0119tej o\u00a0godz. 10.00 w naszej Bazylice zostanie udzielona I\u00a0Komunia \u015bwi\u0119ta. 2. W poniedzia\u0142ek i we wtorek o godz. 17.30 zapraszamy na nabo\u017ce\u0144stwo majowe ku czci Matki Naj\u015bwi\u0119tszej. 3. W \u015brod\u0119 31 maja o godz.\u00a018.00 serdecznie zapraszamy naszych parafian, przyjaci\u00f3\u0142 i\u00a0sympatyk\u00f3w na obchody 26. rocznicy, kiedy \u015awi\u0119ty [&hellip;]<\/p>\n","protected":false},"author":3,"featured_media":1389,"comment_status":"closed","ping_status":"closed","sticky":false,"template":"","format":"standard","meta":[],"categories":[35],"tags":[],"_links":{"self":[{"href":"http:\/\/www.elzbieta.archidiecezja.wroc.pl\/index.php?rest_route=\/wp\/v2\/posts\/2719"}],"collection":[{"href":"http:\/\/www.elzbieta.archidiecezja.wroc.pl\/index.php?rest_route=\/wp\/v2\/posts"}],"about":[{"href":"http:\/\/www.elzbieta.archidiecezja.wroc.pl\/index.php?rest_route=\/wp\/v2\/types\/post"}],"author":[{"embeddable":true,"href":"http:\/\/www.elzbieta.archidiecezja.wroc.pl\/index.php?rest_route=\/wp\/v2\/users\/3"}],"replies":[{"embeddable":true,"href":"http:\/\/www.elzbieta.archidiecezja.wroc.pl\/index.php?rest_route=%2Fwp%2Fv2%2Fcomments&post=2719"}],"version-history":[{"count":5,"href":"http:\/\/www.elzbieta.archidiecezja.wroc.pl\/index.php?rest_route=\/wp\/v2\/posts\/2719\/revisions"}],"predecessor-version":[{"id":2725,"href":"http:\/\/www.elzbieta.archidiecezja.wroc.pl\/index.php?rest_route=\/wp\/v2\/posts\/2719\/revisions\/2725"}],"wp:featuredmedia":[{"embeddable":true,"href":"http:\/\/www.elzbieta.archidiecezja.wroc.pl\/index.php?rest_route=\/wp\/v2\/media\/1389"}],"wp:attachment":[{"href":"http:\/\/www.elzbieta.archidiecezja.wroc.pl\/index.php?rest_route=%2Fwp%2Fv2%2Fmedia&parent=2719"}],"wp:term":[{"taxonomy":"category","embeddable":true,"href":"http:\/\/www.elzbieta.archidiecezja.wroc.pl\/index.php?rest_route=%2Fwp%2Fv2%2Fcategories&post=2719"},{"taxonomy":"post_tag","embeddable":true,"href":"http:\/\/www.elzbieta.archidiecezja.wroc.pl\/index.php?rest_route=%2Fwp%2Fv2%2Ftags&post=2719"}],"curies":[{"name":"wp","href":"https:\/\/api.w.org\/{rel}","templated":true}]}}