{"id":2683,"date":"2023-05-20T13:13:24","date_gmt":"2023-05-20T11:13:24","guid":{"rendered":"http:\/\/www.elzbieta.archidiecezja.wroc.pl\/?p=2683"},"modified":"2023-05-22T13:18:05","modified_gmt":"2023-05-22T11:18:05","slug":"niedziela-wniebowstapienia-panskiego-21-maja-2023","status":"publish","type":"post","link":"http:\/\/www.elzbieta.archidiecezja.wroc.pl\/?p=2683","title":{"rendered":"NIEDZIELA WNIEBOWST\u0104PIENIA PA\u0143SKIEGO &#8211; 21 Maja 2023"},"content":{"rendered":"<p style=\"text-align: justify;\">1. Dzi\u015b prze\u017cywamy uroczysto\u015b\u0107 <strong>Wniebowst\u0105pienia Pa\u0144skiego<\/strong>.<\/p>\n<p style=\"text-align: justify;\">2. Codziennie o godz.<strong> 17.30<\/strong> zapraszamy na <strong>nabo\u017ce\u0144stwa majowe ku czci Matki Naj\u015bwi\u0119tszej<\/strong> <strong>po\u0142\u0105czone z<\/strong> <strong>nowenn\u0105 przygotowuj\u0105c\u0105 nas do uroczysto\u015bci Zes\u0142ania Ducha \u015awi\u0119tego.<\/strong><\/p>\n<p style=\"text-align: justify;\">3. <strong>W tym tygodniu obchodzimy:<\/strong><\/p>\n<p style=\"text-align: justify;\">\u2013 w \u015brod\u0119 wspomnienie <strong><em>Naj\u015bwi\u0119tszej Mari Panny Wspomo\u017cycielki Wiernych<\/em><\/strong><em>,<\/em><\/p>\n<p style=\"text-align: justify;\">\u2013 w pi\u0105tek wspomnienie <em><strong>\u015bw. Filipa Neri\u2013 prezbitera.<\/strong><\/em><\/p>\n<p style=\"text-align: justify;\">4. W pi\u0105tek 26 maja b\u0119dziemy prze\u017cywa\u0107 <strong>Dzie\u0144 Matki<\/strong>. Niech nie zabraknie wdzi\u0119cznej pami\u0119ci o\u00a0naszych mamach, tych \u017cyj\u0105cych i tych, kt\u00f3re Pan B\u00f3g powo\u0142a\u0142 ju\u017c do siebie.<\/p>\n<p style=\"text-align: justify;\">5. W przysz\u0142\u0105 niedziel\u0119 <strong>podczas Mszy \u015bw. <\/strong><strong>o\u00a0godz. 10.00<\/strong> <strong>w naszej Bazylice zostanie udzielona I Komunia \u015bwi\u0119ta<\/strong>. Osoby niezwi\u0105zane z dzie\u0107mi komunijnymi zach\u0119camy do uczestniczenia we Mszach \u015bwi\u0119tych o godz. 8.00, 12.00 i\u00a018.00.<\/p>\n<p style=\"text-align: justify;\">6. W \u015brod\u0119 31 maja o godz.\u00a018.00 serdecznie zapraszamy naszych parafian, przyjaci\u00f3\u0142 i\u00a0sympatyk\u00f3w na <strong>obchody 26. rocznicy, <\/strong><strong>kiedy \u015awi\u0119ty Jan Pawe\u0142 II <\/strong><strong>podczas V Pielgrzymki do Ojczyzny w czasie Mi\u0119dzynarodowego Kongresu Eucharystycznego dokona\u0142 po\u015bwi\u0119cenia naszego odbudowanego Ko\u015bcio\u0142a Garnizonowego, a w roku 2003 podni\u00f3s\u0142 \u015bwi\u0105tyni\u0119 do godno\u015bci Bazyliki Mniejszej.<\/strong><\/p>\n<p style=\"text-align: justify;\">7. Uroczystej Mszy \u015bw. z opraw\u0105 wojskow\u0105 i udzieleniem sakramentu bierzmowania b\u0119dzie przewodniczy\u0142 <strong>Biskup Polowy Wojska Polskiego Jego Ekscelencja Wies\u0142aw LECHOWICZ.<\/strong><\/p>\n<p style=\"text-align: justify;\">8. W zwi\u0105zku z uroczysto\u015bciami <strong>nabo\u017ce\u0144stwo majowe tego dnia zostanie odprawione <\/strong><strong>po\u00a0Mszy \u015bw.<\/strong><strong>\u00a0o\u00a0godz.\u00a07.00.\u00a0<\/strong><\/p>\n<p style=\"text-align: justify;\">9. Decyzj\u0105<strong> Biskupa Polowego Wojska Polskiego Wies\u0142awa LECHOWICZA ks. por. Tomasz MIENCICKI z dniem 22 maja zosta\u0142 mianowany wikariuszem w naszej parafii.\u00a0<\/strong>Bardzo serdecznie witamy Ksi\u0119dza w naszej wsp\u00f3lnocie i\u00a0\u017cyczymy Bo\u017cego b\u0142ogos\u0142awie\u0144stwa oraz potrzebnych dar\u00f3w do owocnej pos\u0142ugi duszpasterskiej.<\/p>\n<p style=\"text-align: justify;\"><strong>\u00a0<\/strong>10. <strong>Solenizantom i jubilatom <\/strong>rozpoczynaj\u0105cego si\u0119 tygodnia \u017cyczymy zdrowia, potrzebnych \u0142ask oraz Bo\u017cego b\u0142ogos\u0142awie\u0144stwa.<\/p>\n","protected":false},"excerpt":{"rendered":"<p>1. Dzi\u015b prze\u017cywamy uroczysto\u015b\u0107 Wniebowst\u0105pienia Pa\u0144skiego. 2. Codziennie o godz. 17.30 zapraszamy na nabo\u017ce\u0144stwa majowe ku czci Matki Naj\u015bwi\u0119tszej po\u0142\u0105czone z nowenn\u0105 przygotowuj\u0105c\u0105 nas do uroczysto\u015bci Zes\u0142ania Ducha \u015awi\u0119tego. 3. W tym tygodniu obchodzimy: \u2013 w \u015brod\u0119 wspomnienie Naj\u015bwi\u0119tszej Mari Panny Wspomo\u017cycielki Wiernych, \u2013 w pi\u0105tek wspomnienie \u015bw. Filipa Neri\u2013 prezbitera. 4. W pi\u0105tek 26 [&hellip;]<\/p>\n","protected":false},"author":3,"featured_media":1700,"comment_status":"closed","ping_status":"closed","sticky":false,"template":"","format":"standard","meta":[],"categories":[35],"tags":[],"_links":{"self":[{"href":"http:\/\/www.elzbieta.archidiecezja.wroc.pl\/index.php?rest_route=\/wp\/v2\/posts\/2683"}],"collection":[{"href":"http:\/\/www.elzbieta.archidiecezja.wroc.pl\/index.php?rest_route=\/wp\/v2\/posts"}],"about":[{"href":"http:\/\/www.elzbieta.archidiecezja.wroc.pl\/index.php?rest_route=\/wp\/v2\/types\/post"}],"author":[{"embeddable":true,"href":"http:\/\/www.elzbieta.archidiecezja.wroc.pl\/index.php?rest_route=\/wp\/v2\/users\/3"}],"replies":[{"embeddable":true,"href":"http:\/\/www.elzbieta.archidiecezja.wroc.pl\/index.php?rest_route=%2Fwp%2Fv2%2Fcomments&post=2683"}],"version-history":[{"count":1,"href":"http:\/\/www.elzbieta.archidiecezja.wroc.pl\/index.php?rest_route=\/wp\/v2\/posts\/2683\/revisions"}],"predecessor-version":[{"id":2684,"href":"http:\/\/www.elzbieta.archidiecezja.wroc.pl\/index.php?rest_route=\/wp\/v2\/posts\/2683\/revisions\/2684"}],"wp:featuredmedia":[{"embeddable":true,"href":"http:\/\/www.elzbieta.archidiecezja.wroc.pl\/index.php?rest_route=\/wp\/v2\/media\/1700"}],"wp:attachment":[{"href":"http:\/\/www.elzbieta.archidiecezja.wroc.pl\/index.php?rest_route=%2Fwp%2Fv2%2Fmedia&parent=2683"}],"wp:term":[{"taxonomy":"category","embeddable":true,"href":"http:\/\/www.elzbieta.archidiecezja.wroc.pl\/index.php?rest_route=%2Fwp%2Fv2%2Fcategories&post=2683"},{"taxonomy":"post_tag","embeddable":true,"href":"http:\/\/www.elzbieta.archidiecezja.wroc.pl\/index.php?rest_route=%2Fwp%2Fv2%2Ftags&post=2683"}],"curies":[{"name":"wp","href":"https:\/\/api.w.org\/{rel}","templated":true}]}}