{"id":2675,"date":"2023-04-20T18:04:32","date_gmt":"2023-04-20T16:04:32","guid":{"rendered":"http:\/\/www.elzbieta.archidiecezja.wroc.pl\/?p=2675"},"modified":"2023-04-20T18:04:32","modified_gmt":"2023-04-20T16:04:32","slug":"iii-niedziela-wielkanocna-23-kwietnia-2023","status":"publish","type":"post","link":"http:\/\/www.elzbieta.archidiecezja.wroc.pl\/?p=2675","title":{"rendered":"III NIEDZIELA WIELKANOCNA &#8211; 23 Kwietnia 2023"},"content":{"rendered":"<p>1. Dzisiaj prze\u017cywamy <strong>trzeci\u0105 niedziel\u0119 wielkanocn\u0105<\/strong>, kt\u00f3ra jest r\u00f3wnie\u017c <strong>Niedziel\u0105 Biblijn\u0105<\/strong> rozpoczynaj\u0105c\u0105 <strong>Tydzie\u0144 Biblijny<\/strong>. Zach\u0119camy do\u00a0indywidualnej i rodzinnej lektury S\u0142owa Bo\u017cego.<\/p>\n<p>2. <strong>W tym tygodniu wspominamy<\/strong><strong>:<\/strong><\/p>\n<p>\u2013 w poniedzia\u0142ek <em>\u015bw. Wojciecha \u2013 g\u0142\u00f3wnego patrona Polski,<\/em><\/p>\n<p>\u2013 we wtorek <em>\u015bw. Marka Ewangelist\u0119,<\/em><\/p>\n<p><em>\u00ad\u00ad<\/em>\u2013 w sobot\u0119 <em>\u015bw. Katarzyn\u0119 Siene\u0144sk\u0105 \u2013 patronk\u0119 Europy.<\/em><\/p>\n<p>3. Sobota 29 kwietnia to <strong>Dzie\u0144<\/strong> <strong>M\u0119cze\u0144stwa Duchowie\u0144stwa Polskiego w\u00a0czasie II wojny \u015bwiatowej<\/strong> obchodzony w rocznic\u0119 wyzwolenia obozu koncentracyjnego w Dachau.<\/p>\n<p>4. <strong>Solenizantom i jubilatom <\/strong>rozpoczynaj\u0105cego si\u0119 tygodnia \u017cyczymy zdrowia, potrzebnych \u0142ask oraz Bo\u017cego b\u0142ogos\u0142awie\u0144stwa.<\/p>\n","protected":false},"excerpt":{"rendered":"<p>1. Dzisiaj prze\u017cywamy trzeci\u0105 niedziel\u0119 wielkanocn\u0105, kt\u00f3ra jest r\u00f3wnie\u017c Niedziel\u0105 Biblijn\u0105 rozpoczynaj\u0105c\u0105 Tydzie\u0144 Biblijny. Zach\u0119camy do\u00a0indywidualnej i rodzinnej lektury S\u0142owa Bo\u017cego. 2. W tym tygodniu wspominamy: \u2013 w poniedzia\u0142ek \u015bw. Wojciecha \u2013 g\u0142\u00f3wnego patrona Polski, \u2013 we wtorek \u015bw. Marka Ewangelist\u0119, \u00ad\u00ad\u2013 w sobot\u0119 \u015bw. Katarzyn\u0119 Siene\u0144sk\u0105 \u2013 patronk\u0119 Europy. 3. Sobota 29 kwietnia to [&hellip;]<\/p>\n","protected":false},"author":3,"featured_media":1355,"comment_status":"closed","ping_status":"closed","sticky":false,"template":"","format":"standard","meta":[],"categories":[35],"tags":[],"_links":{"self":[{"href":"http:\/\/www.elzbieta.archidiecezja.wroc.pl\/index.php?rest_route=\/wp\/v2\/posts\/2675"}],"collection":[{"href":"http:\/\/www.elzbieta.archidiecezja.wroc.pl\/index.php?rest_route=\/wp\/v2\/posts"}],"about":[{"href":"http:\/\/www.elzbieta.archidiecezja.wroc.pl\/index.php?rest_route=\/wp\/v2\/types\/post"}],"author":[{"embeddable":true,"href":"http:\/\/www.elzbieta.archidiecezja.wroc.pl\/index.php?rest_route=\/wp\/v2\/users\/3"}],"replies":[{"embeddable":true,"href":"http:\/\/www.elzbieta.archidiecezja.wroc.pl\/index.php?rest_route=%2Fwp%2Fv2%2Fcomments&post=2675"}],"version-history":[{"count":1,"href":"http:\/\/www.elzbieta.archidiecezja.wroc.pl\/index.php?rest_route=\/wp\/v2\/posts\/2675\/revisions"}],"predecessor-version":[{"id":2676,"href":"http:\/\/www.elzbieta.archidiecezja.wroc.pl\/index.php?rest_route=\/wp\/v2\/posts\/2675\/revisions\/2676"}],"wp:featuredmedia":[{"embeddable":true,"href":"http:\/\/www.elzbieta.archidiecezja.wroc.pl\/index.php?rest_route=\/wp\/v2\/media\/1355"}],"wp:attachment":[{"href":"http:\/\/www.elzbieta.archidiecezja.wroc.pl\/index.php?rest_route=%2Fwp%2Fv2%2Fmedia&parent=2675"}],"wp:term":[{"taxonomy":"category","embeddable":true,"href":"http:\/\/www.elzbieta.archidiecezja.wroc.pl\/index.php?rest_route=%2Fwp%2Fv2%2Fcategories&post=2675"},{"taxonomy":"post_tag","embeddable":true,"href":"http:\/\/www.elzbieta.archidiecezja.wroc.pl\/index.php?rest_route=%2Fwp%2Fv2%2Ftags&post=2675"}],"curies":[{"name":"wp","href":"https:\/\/api.w.org\/{rel}","templated":true}]}}