{"id":2673,"date":"2023-04-15T14:37:04","date_gmt":"2023-04-15T12:37:04","guid":{"rendered":"http:\/\/www.elzbieta.archidiecezja.wroc.pl\/?p=2673"},"modified":"2023-04-15T14:37:04","modified_gmt":"2023-04-15T12:37:04","slug":"niedziela-milosierdzia-bozego-16-kwietnia-2023","status":"publish","type":"post","link":"http:\/\/www.elzbieta.archidiecezja.wroc.pl\/?p=2673","title":{"rendered":"NIEDZIELA MI\u0141OSIERDZIA BO\u017bEGO &#8211; 16 Kwietnia 2023"},"content":{"rendered":"<p style=\"text-align: justify;\">1. Obchodzimy dzisiaj <strong>uroczysto\u015b\u0107 Mi\u0142osierdzia Bo\u017cego<\/strong>, kt\u00f3ra ko\u0144czy oktaw\u0119 Wielkiej Nocy a rozpoczyna Tydzie\u0144 Mi\u0142osierdzia. Z tej okazji zapraszamy do\u00a0wsp\u00f3lnej modlitwy <strong>Koronk\u0105 do Mi\u0142osierdzia Bo\u017cego<\/strong>, kt\u00f3ra b\u0119dzie mia\u0142a miejsce w naszej Bazylice dzisiaj o godz. 15.00.<\/p>\n<p style=\"text-align: justify;\">2. Za tydzie\u0144 b\u0119dziemy prze\u017cywa\u0107 <strong>Niedziel\u0119 Biblijn\u0105<\/strong>.<\/p>\n<p style=\"text-align: justify;\">3. Przypominamy, \u017ce <strong>na sta\u0142e zosta\u0142a zmieniona godzina sobotnich Mszy \u015bw. porannych z godz. 7:00 na\u00a0godz.\u00a08:00.<\/strong><\/p>\n<p style=\"text-align: justify;\">4.<strong> Solenizantom i jubilatom <\/strong>rozpoczynaj\u0105cego si\u0119 tygodnia \u017cyczymy zdrowia, potrzebnych \u0142ask oraz Bo\u017cego b\u0142ogos\u0142awie\u0144stwa.<\/p>\n","protected":false},"excerpt":{"rendered":"<p>1. Obchodzimy dzisiaj uroczysto\u015b\u0107 Mi\u0142osierdzia Bo\u017cego, kt\u00f3ra ko\u0144czy oktaw\u0119 Wielkiej Nocy a rozpoczyna Tydzie\u0144 Mi\u0142osierdzia. Z tej okazji zapraszamy do\u00a0wsp\u00f3lnej modlitwy Koronk\u0105 do Mi\u0142osierdzia Bo\u017cego, kt\u00f3ra b\u0119dzie mia\u0142a miejsce w naszej Bazylice dzisiaj o godz. 15.00. 2. Za tydzie\u0144 b\u0119dziemy prze\u017cywa\u0107 Niedziel\u0119 Biblijn\u0105. 3. Przypominamy, \u017ce na sta\u0142e zosta\u0142a zmieniona godzina sobotnich Mszy \u015bw. porannych [&hellip;]<\/p>\n","protected":false},"author":3,"featured_media":1351,"comment_status":"closed","ping_status":"closed","sticky":false,"template":"","format":"standard","meta":[],"categories":[35],"tags":[],"_links":{"self":[{"href":"http:\/\/www.elzbieta.archidiecezja.wroc.pl\/index.php?rest_route=\/wp\/v2\/posts\/2673"}],"collection":[{"href":"http:\/\/www.elzbieta.archidiecezja.wroc.pl\/index.php?rest_route=\/wp\/v2\/posts"}],"about":[{"href":"http:\/\/www.elzbieta.archidiecezja.wroc.pl\/index.php?rest_route=\/wp\/v2\/types\/post"}],"author":[{"embeddable":true,"href":"http:\/\/www.elzbieta.archidiecezja.wroc.pl\/index.php?rest_route=\/wp\/v2\/users\/3"}],"replies":[{"embeddable":true,"href":"http:\/\/www.elzbieta.archidiecezja.wroc.pl\/index.php?rest_route=%2Fwp%2Fv2%2Fcomments&post=2673"}],"version-history":[{"count":1,"href":"http:\/\/www.elzbieta.archidiecezja.wroc.pl\/index.php?rest_route=\/wp\/v2\/posts\/2673\/revisions"}],"predecessor-version":[{"id":2674,"href":"http:\/\/www.elzbieta.archidiecezja.wroc.pl\/index.php?rest_route=\/wp\/v2\/posts\/2673\/revisions\/2674"}],"wp:featuredmedia":[{"embeddable":true,"href":"http:\/\/www.elzbieta.archidiecezja.wroc.pl\/index.php?rest_route=\/wp\/v2\/media\/1351"}],"wp:attachment":[{"href":"http:\/\/www.elzbieta.archidiecezja.wroc.pl\/index.php?rest_route=%2Fwp%2Fv2%2Fmedia&parent=2673"}],"wp:term":[{"taxonomy":"category","embeddable":true,"href":"http:\/\/www.elzbieta.archidiecezja.wroc.pl\/index.php?rest_route=%2Fwp%2Fv2%2Fcategories&post=2673"},{"taxonomy":"post_tag","embeddable":true,"href":"http:\/\/www.elzbieta.archidiecezja.wroc.pl\/index.php?rest_route=%2Fwp%2Fv2%2Ftags&post=2673"}],"curies":[{"name":"wp","href":"https:\/\/api.w.org\/{rel}","templated":true}]}}