{"id":2669,"date":"2023-04-08T12:31:53","date_gmt":"2023-04-08T10:31:53","guid":{"rendered":"http:\/\/www.elzbieta.archidiecezja.wroc.pl\/?p=2669"},"modified":"2023-04-08T12:31:53","modified_gmt":"2023-04-08T10:31:53","slug":"niedziela-zmartwychwstania-panskiego-9-kwietnia-2023","status":"publish","type":"post","link":"http:\/\/www.elzbieta.archidiecezja.wroc.pl\/?p=2669","title":{"rendered":"NIEDZIELA ZMARTWYCHWSTANIA PA\u0143SKIEGO &#8211; 9 Kwietnia 2023"},"content":{"rendered":"<p style=\"text-align: justify;\">1. Obchodzimy dzisiaj uroczysto\u015b\u0107 <strong>Zmartwychwstania Pa\u0144skiego.<\/strong> W naszej chrze\u015bcija\u0144skiej tradycji jest to czas pe\u0142en nadziei i rado\u015bci.<\/p>\n<p style=\"text-align: justify;\">2. W <strong>Poniedzia\u0142ek Wielkanocny<\/strong> Msze \u015bw. wed\u0142ug niedzielnego porz\u0105dku.<\/p>\n<p style=\"text-align: justify;\">3. Uroczyste <strong>\u015bwi\u0119towanie Wielkanocy rozci\u0105ga si\u0119 na oktaw\u0119<\/strong>. Ka\u017cdy dzie\u0144 tego tygodnia ma rang\u0119 uroczysto\u015bci. <strong>Dlatego w pi\u0105tek nie obowi\u0105zuje wstrzemi\u0119\u017aliwo\u015b\u0107 od pokarm\u00f3w mi\u0119snych. <\/strong><\/p>\n<p style=\"text-align: justify;\">4. Przez ca\u0142y tydzie\u0144 po wieczornej Mszy \u015bw. b\u0119dziemy odmawia\u0107 <strong>Nowenn\u0119 do\u00a0Mi\u0142osierdzia Bo\u017cego.<\/strong><\/p>\n<p style=\"text-align: justify;\">5. W przysz\u0142\u0105 niedziel\u0119 b\u0119dziemy obchodzi\u0107 <strong>Uroczysto\u015b\u0107 Mi\u0142osierdzia Bo\u017cego<\/strong>. Tego dnia o godz. 15.00 zapraszamy do naszej Bazyliki na wsp\u00f3ln\u0105 modlitw\u0119 <strong>Koronk\u0105 do Mi\u0142osierdzia Bo\u017cego.<\/strong><\/p>\n<p style=\"text-align: justify;\">6. W czwartek 13 kwietnia podczas Mszy \u015bw. o godz. 10.00 b\u0119dziemy si\u0119 modlili z\u00a0okazji <strong>Dnia Pami\u0119ci Zbrodni Katy\u0144skiej.<\/strong><\/p>\n<p style=\"text-align: justify;\"><strong>7. <\/strong>Podczas ostatniej kwesty wolontariusze parafialnego Caritas zebrali do\u00a0puszek ofiary na\u00a0kwot\u0119 1515 z\u0142. <strong>B\u00f3g zap\u0142a\u0107 za z\u0142o\u017cone ofiary.<\/strong><\/p>\n<p style=\"text-align: justify;\">8. <strong>Z okazji \u015awi\u0105t Wielkiej Nocy<\/strong> <strong>wszystkim Parafianom, Przyjacio\u0142om i\u00a0Sympatykom naszej bazylikowej wsp\u00f3lnoty \u017cyczymy, aby Ten, Kt\u00f3ry pokona\u0142 \u015bmier\u0107, da\u0142 Wam si\u0142\u0119 do pokonywania codziennych trudno\u015bci. Niech\u00a0b\u0142ogos\u0142awie\u0144stwo Zmartwychwsta\u0142ego przyniesie Wam i Waszym rodzinom mi\u0142o\u015b\u0107, pogod\u0119 ducha oraz pok\u00f3j serca.<\/strong><\/p>\n","protected":false},"excerpt":{"rendered":"<p>1. Obchodzimy dzisiaj uroczysto\u015b\u0107 Zmartwychwstania Pa\u0144skiego. W naszej chrze\u015bcija\u0144skiej tradycji jest to czas pe\u0142en nadziei i rado\u015bci. 2. W Poniedzia\u0142ek Wielkanocny Msze \u015bw. wed\u0142ug niedzielnego porz\u0105dku. 3. Uroczyste \u015bwi\u0119towanie Wielkanocy rozci\u0105ga si\u0119 na oktaw\u0119. Ka\u017cdy dzie\u0144 tego tygodnia ma rang\u0119 uroczysto\u015bci. Dlatego w pi\u0105tek nie obowi\u0105zuje wstrzemi\u0119\u017aliwo\u015b\u0107 od pokarm\u00f3w mi\u0119snych. 4. Przez ca\u0142y tydzie\u0144 po [&hellip;]<\/p>\n","protected":false},"author":3,"featured_media":1341,"comment_status":"closed","ping_status":"closed","sticky":false,"template":"","format":"standard","meta":[],"categories":[35],"tags":[],"_links":{"self":[{"href":"http:\/\/www.elzbieta.archidiecezja.wroc.pl\/index.php?rest_route=\/wp\/v2\/posts\/2669"}],"collection":[{"href":"http:\/\/www.elzbieta.archidiecezja.wroc.pl\/index.php?rest_route=\/wp\/v2\/posts"}],"about":[{"href":"http:\/\/www.elzbieta.archidiecezja.wroc.pl\/index.php?rest_route=\/wp\/v2\/types\/post"}],"author":[{"embeddable":true,"href":"http:\/\/www.elzbieta.archidiecezja.wroc.pl\/index.php?rest_route=\/wp\/v2\/users\/3"}],"replies":[{"embeddable":true,"href":"http:\/\/www.elzbieta.archidiecezja.wroc.pl\/index.php?rest_route=%2Fwp%2Fv2%2Fcomments&post=2669"}],"version-history":[{"count":1,"href":"http:\/\/www.elzbieta.archidiecezja.wroc.pl\/index.php?rest_route=\/wp\/v2\/posts\/2669\/revisions"}],"predecessor-version":[{"id":2670,"href":"http:\/\/www.elzbieta.archidiecezja.wroc.pl\/index.php?rest_route=\/wp\/v2\/posts\/2669\/revisions\/2670"}],"wp:featuredmedia":[{"embeddable":true,"href":"http:\/\/www.elzbieta.archidiecezja.wroc.pl\/index.php?rest_route=\/wp\/v2\/media\/1341"}],"wp:attachment":[{"href":"http:\/\/www.elzbieta.archidiecezja.wroc.pl\/index.php?rest_route=%2Fwp%2Fv2%2Fmedia&parent=2669"}],"wp:term":[{"taxonomy":"category","embeddable":true,"href":"http:\/\/www.elzbieta.archidiecezja.wroc.pl\/index.php?rest_route=%2Fwp%2Fv2%2Fcategories&post=2669"},{"taxonomy":"post_tag","embeddable":true,"href":"http:\/\/www.elzbieta.archidiecezja.wroc.pl\/index.php?rest_route=%2Fwp%2Fv2%2Ftags&post=2669"}],"curies":[{"name":"wp","href":"https:\/\/api.w.org\/{rel}","templated":true}]}}