{"id":2667,"date":"2023-04-02T18:46:44","date_gmt":"2023-04-02T16:46:44","guid":{"rendered":"http:\/\/www.elzbieta.archidiecezja.wroc.pl\/?p=2667"},"modified":"2023-04-04T18:51:15","modified_gmt":"2023-04-04T16:51:15","slug":"niedziela-meki-panskiej-2-kwietnia-2023-2","status":"publish","type":"post","link":"http:\/\/www.elzbieta.archidiecezja.wroc.pl\/?p=2667","title":{"rendered":"NIEDZIELA M\u0118KI PA\u0143SKIEJ &#8211; 2 Kwietnia 2023"},"content":{"rendered":"<p style=\"text-align: justify;\">1. Dzisiaj prze\u017cywamy<strong> Niedziel\u0119 Palmow\u0105 M\u0119ki Pa\u0144skiej<\/strong>, rozpoczynaj\u0105c\u0105 <strong>Wieki\u00a0Tydzie\u0144<\/strong>. Na\u00a0pocz\u0105tku ka\u017cdej Mszy \u015bw. odb\u0119dzie si\u0119 obrz\u0119d b\u0142ogos\u0142awie\u0144stwa palm. Zach\u0119camy r\u00f3wnie\u017c do\u00a0uczestniczenia w ostatnich <strong>Gorzkich \u017balach o\u00a0godz.\u00a017.40.<\/strong><\/p>\n<p style=\"text-align: justify;\">Dzisiaj z okazji <strong>18. rocznicy \u015bmierci \u015bw. Jana Paw\u0142a II<\/strong> o godz. 12:00 w naszej Bazylice odb\u0119dzie si\u0119 <strong>Msza \u015bw. inauguruj\u0105ca marsz pami\u0119ci \u015bw. Jana Paw\u0142a II <\/strong>pod\u00a0przewodnictwem J. E. abp J\u00f3zefa KUPNEGO \u2013 Metropolity Wroc\u0142awskiego. Po Mszy \u015bw. marsz wyruszy z placu przed Bazylik\u0105 a\u00a0zako\u0144czy si\u0119 na placu przed Archikatedr\u0105 Wroc\u0142awsk\u0105. W niedzielny wiecz\u00f3r o godz. 21:00 pod witra\u017cem papieskim na placu przed Bazylik\u0105 rozpocznie si\u0119 <strong>modlitwa r\u00f3\u017ca\u0144cowa dzi\u0119kczynna za pontyfikat \u015bw. Jana Paw\u0142a II, kt\u00f3r\u0105 <\/strong>o godz. 21:37 zako\u0144czy wsp\u00f3lne od\u015bpiewanie &#8222;Barki&#8221;. Modlitwie b\u0119dzie przewodniczy\u0142 bp Maciej MA\u0141YGA \u2013 biskup pomocniczy Archidiecezji Wroc\u0142awskiej. Zapraszamy do udzia\u0142u w tych wydarzeniach.<\/p>\n<p style=\"text-align: justify;\">\u00a02. W zwi\u0105zku z obchodami Triduum Paschalnego <strong>kancelaria parafialna <\/strong>w tym tygodniu w\u00a0godzinach popo\u0142udniowych<strong> b\u0119dzie czynna tylko w \u015brod\u0119 od godz. 16.30 do\u00a0godz. 17.30<\/strong>.<\/p>\n<p style=\"text-align: justify;\">\u00a03. W<strong> Wielki Czwartek<\/strong> nie b\u0119dzie porannej Mszy \u015bw., natomiast<strong> Msza \u015awi\u0119ta Wieczerzy Pa\u0144skiej, rozpoczynaj\u0105ca \u015awi\u0119te Triduum Paschalne b\u0119dzie mia\u0142a miejsce w\u00a0naszej bazylice o\u00a0godz. 18.00<\/strong>.<\/p>\n<p style=\"text-align: justify;\">Po Mszy \u015awi\u0119tej \u2013 przeniesienie Naj\u015bwi\u0119tszego Sakramentu do kaplicy adoracji i\u00a0<strong>adoracja Naj\u015bwi\u0119tszego Sakramentu do godz. 22.00.<\/strong>\u00a0 Tego dnia za publiczne od\u015bpiewanie hymnu \u201ePrzed tak wielkim Sakramentem\u201d mo\u017cna zyska\u0107 odpust zupe\u0142ny pod zwyk\u0142ymi warunkami.<\/p>\n<p style=\"text-align: justify;\">\u00a04. W<strong> Wielki Pi\u0105tek<\/strong> wspominamy <strong>M\u0119k\u0119 i \u015amier\u0107 Jezusa \u2013<\/strong> <strong>na znak smutku i \u017ca\u0142oby nie\u00a0sprawuje si\u0119 Eucharystii<\/strong>. Tego dnia obowi\u0105zuje post \u015bcis\u0142y, polegaj\u0105cy na\u00a0powstrzymaniu si\u0119 od potraw mi\u0119snych oraz na ograniczeniu jedzenia do trzech posi\u0142k\u00f3w, w tym jednego do syta<strong>. <\/strong><\/p>\n<p style=\"text-align: justify;\"><strong>Liturgia m\u0119ki Pa\u0144skiej, kt\u00f3ra w naszej bazylice rozpocznie si\u0119 o godz. 18.00<\/strong> zostanie poprzedzona <strong>nabo\u017ce\u0144stwem Drogi Krzy\u017cowej o godz. 17.30<\/strong>. Na zako\u0144czenie liturgii Naj\u015bwi\u0119tszy Sakrament zostanie przeniesiony do Grobu Pa\u0144skiego, gdzie rozpoczniemy Nowenn\u0119 przed uroczysto\u015bci\u0105 Mi\u0142osierdzia Bo\u017cego. W kolejne dni nowenna b\u0119dzie odmawiana po Mszy \u015bw. wieczornej. <strong>Tego dnia mo\u017cliwo\u015b\u0107 adoracji do\u00a0godz. 22.00.<\/strong><\/p>\n<p style=\"text-align: justify;\">5. <strong>Wielka Sobota<\/strong> jest dniem<strong> adoracji Naj\u015bwi\u0119tszego Sakramentu w Grobie Pa\u0144skim<\/strong>. Pami\u0119tajmy o tym, gdy przyjdziemy pob\u0142ogos\u0142awi\u0107 pokarmy. Jest to czas upami\u0119tniaj\u0105cy zst\u0105pienie Chrystusa do otch\u0142ani, nadal obowi\u0105zuje cisza i zaduma nad \u015bmierci\u0105 Chrystusa. Warto i w tym dniu zachowa\u0107 post, powstrzymuj\u0105c si\u0119 od\u00a0pokarm\u00f3w mi\u0119snych. <strong>B\u0142ogos\u0142awie\u0144stwo pokarm\u00f3w na st\u00f3\u0142 wielkanocny odb\u0119dzie si\u0119 o godz. 9.00, 10.00, 11.00, 12.00, 13.00 i 14.00.<\/strong><\/p>\n<p style=\"text-align: justify;\"><strong>W sobotni wiecz\u00f3r o godz. 20.00 <\/strong>obrz\u0119dem po\u015bwiecenia ognia na placu przed bazylik\u0105 rozpoczniemy obchody <strong>Wigilii Paschalnej<\/strong>. Prosimy o przyniesienie \u015bwiec, kt\u00f3re b\u0119d\u0105 nam towarzyszy\u0142y przy odnowieniu przyrzecze\u0144 chrzcielnych. Warto doda\u0107, \u017ce tym uroczysto\u015bciom b\u0119dzie towarzyszy\u0142a oprawa z udzia\u0142em wojska oraz orkiestry wojskowej. <strong>Uroczyst\u0105 liturgi\u0119 zako\u0144czy Procesja Rezurekcyjna wok\u00f3\u0142 Bazyliki<\/strong>.<\/p>\n<p style=\"text-align: justify;\">6. W<strong> Niedziel\u0119 Zmartwychwstania i w Poniedzia\u0142ek Wielkanocny<\/strong> Msze \u015bw. b\u0119d\u0105 w\u00a0porz\u0105dku niedzielnym.<\/p>\n<p style=\"text-align: justify;\">7. Dzi\u015b wolontariusze parafialnego Caritas zbieraj\u0105 do puszek <strong>ofiary na pomoc dla\u00a0rodzin w trudnej sytuacji materialnej<\/strong>. Wszystkim ofiarodawcom dzi\u0119kujemy za\u00a0okazane wsparcie.<\/p>\n<p style=\"text-align: justify;\">8. <strong>Solenizantom i jubilatom <\/strong>rozpoczynaj\u0105cego si\u0119 tygodnia \u017cyczymy zdrowia, potrzebnych \u0142ask oraz Bo\u017cego b\u0142ogos\u0142awie\u0144stwa.<\/p>\n","protected":false},"excerpt":{"rendered":"<p>1. Dzisiaj prze\u017cywamy Niedziel\u0119 Palmow\u0105 M\u0119ki Pa\u0144skiej, rozpoczynaj\u0105c\u0105 Wieki\u00a0Tydzie\u0144. Na\u00a0pocz\u0105tku ka\u017cdej Mszy \u015bw. odb\u0119dzie si\u0119 obrz\u0119d b\u0142ogos\u0142awie\u0144stwa palm. Zach\u0119camy r\u00f3wnie\u017c do\u00a0uczestniczenia w ostatnich Gorzkich \u017balach o\u00a0godz.\u00a017.40. Dzisiaj z okazji 18. rocznicy \u015bmierci \u015bw. Jana Paw\u0142a II o godz. 12:00 w naszej Bazylice odb\u0119dzie si\u0119 Msza \u015bw. inauguruj\u0105ca marsz pami\u0119ci \u015bw. Jana Paw\u0142a II pod\u00a0przewodnictwem J. [&hellip;]<\/p>\n","protected":false},"author":3,"featured_media":1338,"comment_status":"closed","ping_status":"closed","sticky":false,"template":"","format":"standard","meta":[],"categories":[35],"tags":[],"_links":{"self":[{"href":"http:\/\/www.elzbieta.archidiecezja.wroc.pl\/index.php?rest_route=\/wp\/v2\/posts\/2667"}],"collection":[{"href":"http:\/\/www.elzbieta.archidiecezja.wroc.pl\/index.php?rest_route=\/wp\/v2\/posts"}],"about":[{"href":"http:\/\/www.elzbieta.archidiecezja.wroc.pl\/index.php?rest_route=\/wp\/v2\/types\/post"}],"author":[{"embeddable":true,"href":"http:\/\/www.elzbieta.archidiecezja.wroc.pl\/index.php?rest_route=\/wp\/v2\/users\/3"}],"replies":[{"embeddable":true,"href":"http:\/\/www.elzbieta.archidiecezja.wroc.pl\/index.php?rest_route=%2Fwp%2Fv2%2Fcomments&post=2667"}],"version-history":[{"count":1,"href":"http:\/\/www.elzbieta.archidiecezja.wroc.pl\/index.php?rest_route=\/wp\/v2\/posts\/2667\/revisions"}],"predecessor-version":[{"id":2668,"href":"http:\/\/www.elzbieta.archidiecezja.wroc.pl\/index.php?rest_route=\/wp\/v2\/posts\/2667\/revisions\/2668"}],"wp:featuredmedia":[{"embeddable":true,"href":"http:\/\/www.elzbieta.archidiecezja.wroc.pl\/index.php?rest_route=\/wp\/v2\/media\/1338"}],"wp:attachment":[{"href":"http:\/\/www.elzbieta.archidiecezja.wroc.pl\/index.php?rest_route=%2Fwp%2Fv2%2Fmedia&parent=2667"}],"wp:term":[{"taxonomy":"category","embeddable":true,"href":"http:\/\/www.elzbieta.archidiecezja.wroc.pl\/index.php?rest_route=%2Fwp%2Fv2%2Fcategories&post=2667"},{"taxonomy":"post_tag","embeddable":true,"href":"http:\/\/www.elzbieta.archidiecezja.wroc.pl\/index.php?rest_route=%2Fwp%2Fv2%2Ftags&post=2667"}],"curies":[{"name":"wp","href":"https:\/\/api.w.org\/{rel}","templated":true}]}}