{"id":2663,"date":"2023-03-25T12:40:57","date_gmt":"2023-03-25T11:40:57","guid":{"rendered":"http:\/\/www.elzbieta.archidiecezja.wroc.pl\/?p=2663"},"modified":"2023-03-25T12:40:57","modified_gmt":"2023-03-25T11:40:57","slug":"v-niedziela-wielkiego-postu-26-marca-2023","status":"publish","type":"post","link":"http:\/\/www.elzbieta.archidiecezja.wroc.pl\/?p=2663","title":{"rendered":"V NIEDZIELA WIELKIEGO POSTU &#8211; 26 Marca 2023"},"content":{"rendered":"<p>1. Dzisiaj prze\u017cywamy <strong>V Niedziel\u0119 Wielkiego Postu<\/strong>.<\/p>\n<p>2. W dobrym prze\u017cywaniu <strong>Wielkiego Postu<\/strong> pomagaj\u0105 nabo\u017ce\u0144stwa pasyjne, na\u00a0kt\u00f3re serdecznie zapraszamy:\u00a0 <strong>Droga Krzy\u017cowa<\/strong> w ka\u017cdy pi\u0105tek o\u00a0<strong>godz.\u00a017:30<\/strong>\u00a0oraz <strong>Gorzkie \u017bale<\/strong>\u00a0w ka\u017cd\u0105 niedziel\u0119 o\u00a0<strong>godz. 17:40<\/strong>.<\/p>\n<p>Okazj\u0105 do modlitewnego skupienia s\u0105 r\u00f3wnie\u017c ko\u0144cz\u0105ce si\u0119 dzisiaj\u00a0<strong>Rekolekcje Wielkopostne<\/strong>, kt\u00f3re prowadzi <strong>ks. dr Jacek FRONIEWSKI \u2013 kanclerz i\u00a0moderator Kurii Metropolitalnej Archidiecezji Wroc\u0142awskiej.<\/strong><\/p>\n<p><strong><u>Mo\u017cliwo\u015b\u0107 spowiedzi przed oraz w trakcie Mszy \u015bwi\u0119tych.<\/u><\/strong><\/p>\n<p>3. <strong>W zwi\u0105zku z 18. rocznic\u0105 \u015bmierci \u015bw. Jana Paw\u0142a II serdecznie zapraszamy do udzia\u0142u w nast\u0119puj\u0105cych wydarzeniach:<\/strong><\/p>\n<p>&#8211; w pi\u0105tek 31 marca o godz. 18:00 w naszej Bazylice odb\u0119dzie si\u0119 <strong>Msza \u015bw. dzi\u0119kczynna za pontyfikat \u015bw.\u00a0<\/strong><strong>Jana Paw\u0142a II<\/strong>. Eucharystii b\u0119dzie przewodniczy\u0142 bp\u00a0Jacek Kici\u0144ski \u2013 biskup pomocniczy Archidiecezji Wroc\u0142awskiej. Po\u00a0zako\u0144czonej Mszy \u015bw. odb\u0119dzie si\u0119 \u00a0<strong>koncert wielkopostny w ho\u0142dzie \u015bw. Janowi Paw\u0142owi II<\/strong>;<\/p>\n<p>&#8211; w niedziel\u0119 2 kwietnia o godz. 12:00 w naszej Bazylice odb\u0119dzie si\u0119 <strong>Msza \u015bw. inauguruj\u0105ca marsz pami\u0119ci \u015bw. Jana Paw\u0142a II<\/strong>, kt\u00f3ry wyruszy z placu przed Bazylik\u0105 a zako\u0144czy si\u0119 na placu przed Archikatedr\u0105 Wroc\u0142awsk\u0105, a o godz. 21:00 pod witra\u017cem papieskim na placu przed Bazylik\u0105 rozpocznie si\u0119 <strong>modlitwa r\u00f3\u017ca\u0144cowa dzi\u0119kczynna za pontyfikat \u015bw. Jana Paw\u0142a II, kt\u00f3r\u0105 <\/strong>o godz. 21:37 zako\u0144czy wsp\u00f3lne od\u015bpiewanie &#8222;Barki&#8221;. Modlitwie b\u0119dzie przewodniczy\u0142 bp\u00a0Maciej Ma\u0142yga \u2013 biskup pomocniczy Archidiecezji Wroc\u0142awskiej.<\/p>\n<p>4. W tym tygodniu przypada <strong>pierwsza sobota<\/strong> <strong>miesi\u0105ca. <\/strong>Po porannej Mszy \u015bw. zapraszamy do udzia\u0142u w\u00a0<strong>nabo\u017ce\u0144stwie wynagradzaj\u0105cym Niepokalanemu Sercu Maryi<\/strong>. Tego dnia w\u00a0godzinach porannych udamy si\u0119 z <strong>pos\u0142ug\u0105 sakramentaln\u0105 do\u00a0chorych<\/strong> z\u00a0naszej parafii.<\/p>\n<p>5. Za tydzie\u0144 b\u0119dziemy obchodzi\u0107 <strong>Niedziel\u0119 Palmow\u0105,<\/strong> kt\u00f3r\u0105 rozpoczniemy\u00a0szczeg\u00f3lny czas <strong>Wielkiego Ty<\/strong><strong>godnia<\/strong>. Na pocz\u0105tku ka\u017cdej Mszy \u015awi\u0119tej pob\u0142ogos\u0142awimy palmy, kt\u00f3re przypominaj\u0105 mesja\u0144ski wjazd Chrystusa do\u00a0Jerozolimy.<\/p>\n<p>6. Przypominamy, \u017ce <strong><u>na sta\u0142e zosta<\/u><\/strong><strong><u>\u0142a <\/u><\/strong><strong><u>zmieniona godzina sobotnich Mszy \u015bw. porannych z godz. 7:00 na\u00a0godz.\u00a08:00<\/u><\/strong><strong><u>.<\/u><\/strong><\/p>\n<p>7. <strong>Solenizantom i jubilatom <\/strong>rozpoczynaj\u0105cego si\u0119 tygodnia \u017cyczymy zdrowia, potrzebnych \u0142ask oraz Bo\u017cego b\u0142ogos\u0142awie\u0144stwa.<\/p>\n","protected":false},"excerpt":{"rendered":"<p>1. Dzisiaj prze\u017cywamy V Niedziel\u0119 Wielkiego Postu. 2. W dobrym prze\u017cywaniu Wielkiego Postu pomagaj\u0105 nabo\u017ce\u0144stwa pasyjne, na\u00a0kt\u00f3re serdecznie zapraszamy:\u00a0 Droga Krzy\u017cowa w ka\u017cdy pi\u0105tek o\u00a0godz.\u00a017:30\u00a0oraz Gorzkie \u017bale\u00a0w ka\u017cd\u0105 niedziel\u0119 o\u00a0godz. 17:40. Okazj\u0105 do modlitewnego skupienia s\u0105 r\u00f3wnie\u017c ko\u0144cz\u0105ce si\u0119 dzisiaj\u00a0Rekolekcje Wielkopostne, kt\u00f3re prowadzi ks. dr Jacek FRONIEWSKI \u2013 kanclerz i\u00a0moderator Kurii Metropolitalnej Archidiecezji Wroc\u0142awskiej. Mo\u017cliwo\u015b\u0107 [&hellip;]<\/p>\n","protected":false},"author":3,"featured_media":2598,"comment_status":"closed","ping_status":"closed","sticky":false,"template":"","format":"standard","meta":[],"categories":[35],"tags":[],"_links":{"self":[{"href":"http:\/\/www.elzbieta.archidiecezja.wroc.pl\/index.php?rest_route=\/wp\/v2\/posts\/2663"}],"collection":[{"href":"http:\/\/www.elzbieta.archidiecezja.wroc.pl\/index.php?rest_route=\/wp\/v2\/posts"}],"about":[{"href":"http:\/\/www.elzbieta.archidiecezja.wroc.pl\/index.php?rest_route=\/wp\/v2\/types\/post"}],"author":[{"embeddable":true,"href":"http:\/\/www.elzbieta.archidiecezja.wroc.pl\/index.php?rest_route=\/wp\/v2\/users\/3"}],"replies":[{"embeddable":true,"href":"http:\/\/www.elzbieta.archidiecezja.wroc.pl\/index.php?rest_route=%2Fwp%2Fv2%2Fcomments&post=2663"}],"version-history":[{"count":1,"href":"http:\/\/www.elzbieta.archidiecezja.wroc.pl\/index.php?rest_route=\/wp\/v2\/posts\/2663\/revisions"}],"predecessor-version":[{"id":2664,"href":"http:\/\/www.elzbieta.archidiecezja.wroc.pl\/index.php?rest_route=\/wp\/v2\/posts\/2663\/revisions\/2664"}],"wp:featuredmedia":[{"embeddable":true,"href":"http:\/\/www.elzbieta.archidiecezja.wroc.pl\/index.php?rest_route=\/wp\/v2\/media\/2598"}],"wp:attachment":[{"href":"http:\/\/www.elzbieta.archidiecezja.wroc.pl\/index.php?rest_route=%2Fwp%2Fv2%2Fmedia&parent=2663"}],"wp:term":[{"taxonomy":"category","embeddable":true,"href":"http:\/\/www.elzbieta.archidiecezja.wroc.pl\/index.php?rest_route=%2Fwp%2Fv2%2Fcategories&post=2663"},{"taxonomy":"post_tag","embeddable":true,"href":"http:\/\/www.elzbieta.archidiecezja.wroc.pl\/index.php?rest_route=%2Fwp%2Fv2%2Ftags&post=2663"}],"curies":[{"name":"wp","href":"https:\/\/api.w.org\/{rel}","templated":true}]}}