{"id":2661,"date":"2023-03-18T14:16:13","date_gmt":"2023-03-18T13:16:13","guid":{"rendered":"http:\/\/www.elzbieta.archidiecezja.wroc.pl\/?p=2661"},"modified":"2023-03-18T14:16:13","modified_gmt":"2023-03-18T13:16:13","slug":"iv-niedziela-wielkiego-postu-19-marca-2023","status":"publish","type":"post","link":"http:\/\/www.elzbieta.archidiecezja.wroc.pl\/?p=2661","title":{"rendered":"IV NIEDZIELA WIELKIEGO POSTU &#8211; 19 Marca 2023"},"content":{"rendered":"<p style=\"text-align: justify;\">1. Dzisiaj prze\u017cywamy <strong>Niedziel\u0119 Rado\u015bci, nazywan\u0105 r\u00f3wnie\u017c niedziel\u0105 Laetare.<\/strong><\/p>\n<p style=\"text-align: justify;\">2. W dobrym prze\u017cywaniu <strong>Wielkiego Postu<\/strong> pomagaj\u0105 nabo\u017ce\u0144stwa pasyjne, na\u00a0kt\u00f3re serdecznie zapraszamy:\u00a0 <strong>Droga Krzy\u017cowa<\/strong> w ka\u017cdy pi\u0105tek o\u00a0<strong>godz.\u00a017:30<\/strong>\u00a0oraz <strong>Gorzkie \u017bale<\/strong>\u00a0w ka\u017cd\u0105 niedziel\u0119 o\u00a0<strong>godz. 17:40<\/strong>.<\/p>\n<p style=\"text-align: justify;\">Okazj\u0105 do modlitewnego skupienia b\u0119d\u0105 r\u00f3wnie\u017c\u00a0<em><strong>Rekolekcje Wielkopostne<\/strong><\/em>, na\u00a0kt\u00f3re serdecznie zapraszamy <strong>od 24 do 26 marca. <\/strong><\/p>\n<p style=\"text-align: justify;\"><strong>Nauki rekolekcyjne poprowadzi ks. dr Jacek FRONIEWSKI \u2013 kanclerz i\u00a0moderator Kurii Metropolitalnej Archidiecezji Wroc\u0142awskiej.<\/strong><\/p>\n<p style=\"text-align: justify;\">Msze \u015bw. z\u00a0nauk\u0105 rekolekcyjn\u0105:<\/p>\n<p style=\"text-align: justify;\">&#8211; <strong>pi\u0105tek 24 marca o godz. 7:00 i 18:00, <\/strong><\/p>\n<p style=\"text-align: justify;\"><strong>&#8211;\u00a0<\/strong><strong>sobota 25 marca o godz. 8:00 i 18:00<\/strong>\u00a0<strong>\u2013\u00a0<\/strong><em><strong><u>od tego dnia na sta\u0142e zostaje zmieniona godzina sobotnich Mszy \u015bw. porannych z godz. 7:00 na\u00a0godz.\u00a08:00,<\/u><\/strong><\/em><\/p>\n<p style=\"text-align: justify;\">&#8211; <strong>niedziela 26 marca godz. 8:00, 10:00, 12:00 i\u00a018:00.<\/strong><\/p>\n<p style=\"text-align: justify;\"><strong><u>Mo\u017cliwo\u015b\u0107 spowiedzi przed oraz w trakcie Mszy \u015bwi\u0119tych.<\/u><\/strong><\/p>\n<p style=\"text-align: justify;\">3. Jutro b\u0119dziemy prze\u017cywa\u0107 <strong>uroczysto\u015b\u0107 \u015bw. J\u00f3zefa, Oblubie\u0144ca Naj\u015bwi\u0119tszej Maryi Panny.<\/strong> Jest\u00a0to\u00a0dzie\u0144 imienin <em>J. E. Arcybiskupa J\u00f3zefa Kupnego \u2013 Metropolity Wroc\u0142awskiego.<\/em>Polecajmy w naszej modlitwie czcigodnego solenizanta.<\/p>\n<p style=\"text-align: justify;\">4. W sobot\u0119 25 marca przypada <strong>uroczysto\u015b\u0107 Zwiastowania Pa\u0144skiego<em>, <\/em>kt\u00f3ra jest zarazem Dniem \u015awi\u0119to\u015bci \u017bycia. <\/strong>M\u00f3dlmy si\u0119 o odwag\u0119 obrony \u017cycia od\u00a0pocz\u0119cia do\u00a0naturalnej \u015bmierci<\/p>\n<p style=\"text-align: justify;\">5. W zwi\u0105zku ze zbli\u017caj\u0105cymi si\u0119 \u015bwi\u0119tami Wielkanocnymi\u00a0<strong>prosimy osoby samotne, rodziny w trudnej sytuacji materialnej o sk\u0142adanie poda\u0144 na\u00a0udzielenie pomoc. <\/strong>Podania mo\u017cna sk\u0142ada\u0107 w zakrystii, kancelarii lub\u00a0u\u00a0cz\u0142onk\u00f3w parafialnego Caritas.<\/p>\n<p style=\"text-align: justify;\">6. Solenizantom i jubilatom rozpoczynaj\u0105cego si\u0119 tygodnia \u017cyczymy zdrowia, potrzebnych \u0142ask oraz Bo\u017cego b\u0142ogos\u0142awie\u0144stwa.<\/p>\n","protected":false},"excerpt":{"rendered":"<p>1. Dzisiaj prze\u017cywamy Niedziel\u0119 Rado\u015bci, nazywan\u0105 r\u00f3wnie\u017c niedziel\u0105 Laetare. 2. W dobrym prze\u017cywaniu Wielkiego Postu pomagaj\u0105 nabo\u017ce\u0144stwa pasyjne, na\u00a0kt\u00f3re serdecznie zapraszamy:\u00a0 Droga Krzy\u017cowa w ka\u017cdy pi\u0105tek o\u00a0godz.\u00a017:30\u00a0oraz Gorzkie \u017bale\u00a0w ka\u017cd\u0105 niedziel\u0119 o\u00a0godz. 17:40. Okazj\u0105 do modlitewnego skupienia b\u0119d\u0105 r\u00f3wnie\u017c\u00a0Rekolekcje Wielkopostne, na\u00a0kt\u00f3re serdecznie zapraszamy od 24 do 26 marca. Nauki rekolekcyjne poprowadzi ks. dr Jacek FRONIEWSKI [&hellip;]<\/p>\n","protected":false},"author":3,"featured_media":1479,"comment_status":"closed","ping_status":"closed","sticky":false,"template":"","format":"standard","meta":[],"categories":[35],"tags":[],"_links":{"self":[{"href":"http:\/\/www.elzbieta.archidiecezja.wroc.pl\/index.php?rest_route=\/wp\/v2\/posts\/2661"}],"collection":[{"href":"http:\/\/www.elzbieta.archidiecezja.wroc.pl\/index.php?rest_route=\/wp\/v2\/posts"}],"about":[{"href":"http:\/\/www.elzbieta.archidiecezja.wroc.pl\/index.php?rest_route=\/wp\/v2\/types\/post"}],"author":[{"embeddable":true,"href":"http:\/\/www.elzbieta.archidiecezja.wroc.pl\/index.php?rest_route=\/wp\/v2\/users\/3"}],"replies":[{"embeddable":true,"href":"http:\/\/www.elzbieta.archidiecezja.wroc.pl\/index.php?rest_route=%2Fwp%2Fv2%2Fcomments&post=2661"}],"version-history":[{"count":1,"href":"http:\/\/www.elzbieta.archidiecezja.wroc.pl\/index.php?rest_route=\/wp\/v2\/posts\/2661\/revisions"}],"predecessor-version":[{"id":2662,"href":"http:\/\/www.elzbieta.archidiecezja.wroc.pl\/index.php?rest_route=\/wp\/v2\/posts\/2661\/revisions\/2662"}],"wp:featuredmedia":[{"embeddable":true,"href":"http:\/\/www.elzbieta.archidiecezja.wroc.pl\/index.php?rest_route=\/wp\/v2\/media\/1479"}],"wp:attachment":[{"href":"http:\/\/www.elzbieta.archidiecezja.wroc.pl\/index.php?rest_route=%2Fwp%2Fv2%2Fmedia&parent=2661"}],"wp:term":[{"taxonomy":"category","embeddable":true,"href":"http:\/\/www.elzbieta.archidiecezja.wroc.pl\/index.php?rest_route=%2Fwp%2Fv2%2Fcategories&post=2661"},{"taxonomy":"post_tag","embeddable":true,"href":"http:\/\/www.elzbieta.archidiecezja.wroc.pl\/index.php?rest_route=%2Fwp%2Fv2%2Ftags&post=2661"}],"curies":[{"name":"wp","href":"https:\/\/api.w.org\/{rel}","templated":true}]}}