{"id":2652,"date":"2023-02-17T17:30:17","date_gmt":"2023-02-17T16:30:17","guid":{"rendered":"http:\/\/www.elzbieta.archidiecezja.wroc.pl\/?p=2652"},"modified":"2023-02-17T17:30:17","modified_gmt":"2023-02-17T16:30:17","slug":"vii-niedziela-zwykla-19-lutego-2023","status":"publish","type":"post","link":"http:\/\/www.elzbieta.archidiecezja.wroc.pl\/?p=2652","title":{"rendered":"VII NIEDZIELA ZWYK\u0141A &#8211; 19 Lutego 2023"},"content":{"rendered":"<p style=\"text-align: justify;\">1. Dzisiaj prze\u017cywamy<strong> si\u00f3dm\u0105 niedziel\u0119 zwyk\u0142\u0105.<\/strong><\/p>\n<p style=\"text-align: justify;\">2. W najbli\u017csz\u0105 \u015brod\u0119 przypada <strong>Popielec<\/strong> <strong>rozpoczynaj\u0105cy okres Wielkiego Postu.<\/strong> Msze\u00a0\u015bw. z\u00a0obrz\u0119dem posypania g\u0142\u00f3w popio\u0142em w naszej bazylice o\u00a0<strong>godz.\u00a07:00, 16:00 i 18:00<\/strong>. Przypominamy, \u017ce\u00a0wszystkich katolik\u00f3w od\u00a014.\u00a0roku \u017cycia obowi\u0105zuje wstrzemi\u0119\u017aliwo\u015b\u0107 od\u00a0pokarm\u00f3w mi\u0119snych we\u00a0wszystkie pi\u0105tki roku (z\u00a0wyj\u0105tkiem uroczysto\u015bci liturgicznych) oraz\u00a0\u00a0w\u00a0Popielec. Ponadto katolicy pomi\u0119dzy 18. rokiem \u017cycia\u00a0a\u00a0rozpocz\u0119ciem 60. roku \u017cycia zobowi\u0105zani s\u0105\u00a0do\u00a0postu ograniczaj\u0105cego si\u0119 do\u00a0jednego posi\u0142ku do syta i dw\u00f3ch lekkich w\u00a0ci\u0105gu dnia w\u00a0Popielec i w Wielki Pi\u0105tek. Post jest wyrazem zjednoczenia z\u00a0cierpi\u0105cym Zbawicielem oraz \u015brodkiem do\u00a0wewn\u0119trznego oczyszczenia.<strong>\u00a0<\/strong><\/p>\n<p style=\"text-align: justify;\">3. W dobrym prze\u017cywaniu Wielkiego Postu pomagaj\u0105 nabo\u017ce\u0144stwa pasyjne, na\u00a0kt\u00f3re serdecznie zapraszamy:\u00a0 <strong>Droga Krzy\u017cowa<\/strong> <strong>w ka\u017cdy pi\u0105tek o\u00a0godz.\u00a017:30\u00a0oraz Gorzkie \u017bale\u00a0w\u00a0ka\u017cd\u0105 niedziel\u0119 o\u00a0godz. 17:40.<\/strong><\/p>\n<p style=\"text-align: justify;\">4. W niedziel\u0119 26 lutego <strong>Papieskie Stowarzyszenie Pomocy Ko\u015bcio\u0142owi w\u00a0Potrzebie<\/strong> przez ca\u0142y dzie\u0144 b\u0119dzie rozprowadza\u0142o dewocjonalia i ozdoby wykonane r\u0119cznie z drzewa oliwnego przez chrze\u015bcijan z Ziemi \u015awi\u0119tej. Doch\u00f3d b\u0119dzie przeznaczony na pomoc humanitarn\u0105 dla chrze\u015bcija\u0144skich rodzin tam mieszkaj\u0105cych.<\/p>\n<p style=\"text-align: justify;\">5. Solenizantom i jubilatom rozpoczynaj\u0105cego si\u0119 tygodnia \u017cyczymy zdrowia, potrzebnych \u0142ask oraz Bo\u017cego b\u0142ogos\u0142awie\u0144stwa.<\/p>\n","protected":false},"excerpt":{"rendered":"<p>1. Dzisiaj prze\u017cywamy si\u00f3dm\u0105 niedziel\u0119 zwyk\u0142\u0105. 2. W najbli\u017csz\u0105 \u015brod\u0119 przypada Popielec rozpoczynaj\u0105cy okres Wielkiego Postu. Msze\u00a0\u015bw. z\u00a0obrz\u0119dem posypania g\u0142\u00f3w popio\u0142em w naszej bazylice o\u00a0godz.\u00a07:00, 16:00 i 18:00. Przypominamy, \u017ce\u00a0wszystkich katolik\u00f3w od\u00a014.\u00a0roku \u017cycia obowi\u0105zuje wstrzemi\u0119\u017aliwo\u015b\u0107 od\u00a0pokarm\u00f3w mi\u0119snych we\u00a0wszystkie pi\u0105tki roku (z\u00a0wyj\u0105tkiem uroczysto\u015bci liturgicznych) oraz\u00a0\u00a0w\u00a0Popielec. Ponadto katolicy pomi\u0119dzy 18. rokiem \u017cycia\u00a0a\u00a0rozpocz\u0119ciem 60. roku \u017cycia zobowi\u0105zani s\u0105\u00a0do\u00a0postu [&hellip;]<\/p>\n","protected":false},"author":3,"featured_media":1527,"comment_status":"closed","ping_status":"closed","sticky":false,"template":"","format":"standard","meta":[],"categories":[35],"tags":[],"_links":{"self":[{"href":"http:\/\/www.elzbieta.archidiecezja.wroc.pl\/index.php?rest_route=\/wp\/v2\/posts\/2652"}],"collection":[{"href":"http:\/\/www.elzbieta.archidiecezja.wroc.pl\/index.php?rest_route=\/wp\/v2\/posts"}],"about":[{"href":"http:\/\/www.elzbieta.archidiecezja.wroc.pl\/index.php?rest_route=\/wp\/v2\/types\/post"}],"author":[{"embeddable":true,"href":"http:\/\/www.elzbieta.archidiecezja.wroc.pl\/index.php?rest_route=\/wp\/v2\/users\/3"}],"replies":[{"embeddable":true,"href":"http:\/\/www.elzbieta.archidiecezja.wroc.pl\/index.php?rest_route=%2Fwp%2Fv2%2Fcomments&post=2652"}],"version-history":[{"count":1,"href":"http:\/\/www.elzbieta.archidiecezja.wroc.pl\/index.php?rest_route=\/wp\/v2\/posts\/2652\/revisions"}],"predecessor-version":[{"id":2653,"href":"http:\/\/www.elzbieta.archidiecezja.wroc.pl\/index.php?rest_route=\/wp\/v2\/posts\/2652\/revisions\/2653"}],"wp:featuredmedia":[{"embeddable":true,"href":"http:\/\/www.elzbieta.archidiecezja.wroc.pl\/index.php?rest_route=\/wp\/v2\/media\/1527"}],"wp:attachment":[{"href":"http:\/\/www.elzbieta.archidiecezja.wroc.pl\/index.php?rest_route=%2Fwp%2Fv2%2Fmedia&parent=2652"}],"wp:term":[{"taxonomy":"category","embeddable":true,"href":"http:\/\/www.elzbieta.archidiecezja.wroc.pl\/index.php?rest_route=%2Fwp%2Fv2%2Fcategories&post=2652"},{"taxonomy":"post_tag","embeddable":true,"href":"http:\/\/www.elzbieta.archidiecezja.wroc.pl\/index.php?rest_route=%2Fwp%2Fv2%2Ftags&post=2652"}],"curies":[{"name":"wp","href":"https:\/\/api.w.org\/{rel}","templated":true}]}}