{"id":2650,"date":"2023-02-11T11:04:07","date_gmt":"2023-02-11T10:04:07","guid":{"rendered":"http:\/\/www.elzbieta.archidiecezja.wroc.pl\/?p=2650"},"modified":"2023-02-12T11:11:09","modified_gmt":"2023-02-12T10:11:09","slug":"vi-niedziela-zwykla-12-lutego-2023","status":"publish","type":"post","link":"http:\/\/www.elzbieta.archidiecezja.wroc.pl\/?p=2650","title":{"rendered":"VI NIEDZIELA ZWYK\u0141A &#8211; 12 Lutego 2023"},"content":{"rendered":"<p>1. Dzisiaj prze\u017cywamy<strong> sz\u00f3st\u0105 niedziel\u0119 zwyk\u0142\u0105<\/strong><strong>, kt\u00f3ra jest obchodzona jako <\/strong><strong>\u015awiatowy Dzie\u0144 Ma\u0142\u017ce\u0144stw<\/strong><strong>.<\/strong> Z tej okazji pami\u0119tajmy o modlitwie za\u00a0ma\u0142\u017ce\u0144stwa i rodziny.<\/p>\n<p>2. We wtorek 14 lutego b\u0119dziemy obchodzi\u0107 <strong>\u015bwi\u0119to<\/strong> <strong>\u015bwi\u0119tych Cyryla i\u00a0Metodego<\/strong><strong>\u2013\u00a0patron\u00f3w Europy<\/strong>. M\u00f3dlmy si\u0119 przez ich wstawiennictwo za ca\u0142y nasz kontynent, aby pozosta\u0142 wierny warto\u015bciom chrze\u015bcija\u0144skim.<\/p>\n<p>3. W odpowiedzi na pro\u015bb\u0119 Przewodnicz\u0105cego Konferencji Episkopatu Polski, dzisiaj po ka\u017cdej Mszy \u015bw.<strong> b\u0119d\u0105 zbierane ofiary do puszek na\u00a0 pomoc poszkodowanym podczas trz\u0119sienia ziemi w Turcji i Syrii.<\/strong><\/p>\n<p>W zwi\u0105zku z tym <strong>Papieskie Stowarzyszenie Pomocy Ko\u015bcio\u0142owi w\u00a0Potrzebie<\/strong> b\u0119dzie rozprowadza\u0142o dewocjonalia i ozdoby wykonane r\u0119cznie z drzewa oliwnego przez chrze\u015bcijan z Ziemi \u015awi\u0119tej w niedziel\u0119 26 lutego. <strong>Doch\u00f3d\u00a0b\u0119dzie przeznaczony na pomoc humanitarn\u0105 dla chrze\u015bcija\u0144skich rodzin tam mieszkaj\u0105cych.<\/strong><\/p>\n<p>4. Podczas ostatniej kwesty wolontariusze Parafialnego Caritas zebrali do puszek 1058 z\u0142. <strong>B\u00f3g zap\u0142a\u0107 za z\u0142o\u017cone ofiary.<\/strong><\/p>\n<p>5. Solenizantom i jubilatom rozpoczynaj\u0105cego si\u0119 tygodnia \u017cyczymy zdrowia, potrzebnych \u0142ask oraz Bo\u017cego b\u0142ogos\u0142awie\u0144stwa.<\/p>\n","protected":false},"excerpt":{"rendered":"<p>1. Dzisiaj prze\u017cywamy sz\u00f3st\u0105 niedziel\u0119 zwyk\u0142\u0105, kt\u00f3ra jest obchodzona jako \u015awiatowy Dzie\u0144 Ma\u0142\u017ce\u0144stw. Z tej okazji pami\u0119tajmy o modlitwie za\u00a0ma\u0142\u017ce\u0144stwa i rodziny. 2. We wtorek 14 lutego b\u0119dziemy obchodzi\u0107 \u015bwi\u0119to \u015bwi\u0119tych Cyryla i\u00a0Metodego\u2013\u00a0patron\u00f3w Europy. M\u00f3dlmy si\u0119 przez ich wstawiennictwo za ca\u0142y nasz kontynent, aby pozosta\u0142 wierny warto\u015bciom chrze\u015bcija\u0144skim. 3. W odpowiedzi na pro\u015bb\u0119 Przewodnicz\u0105cego Konferencji [&hellip;]<\/p>\n","protected":false},"author":3,"featured_media":1810,"comment_status":"closed","ping_status":"closed","sticky":false,"template":"","format":"standard","meta":[],"categories":[35],"tags":[],"_links":{"self":[{"href":"http:\/\/www.elzbieta.archidiecezja.wroc.pl\/index.php?rest_route=\/wp\/v2\/posts\/2650"}],"collection":[{"href":"http:\/\/www.elzbieta.archidiecezja.wroc.pl\/index.php?rest_route=\/wp\/v2\/posts"}],"about":[{"href":"http:\/\/www.elzbieta.archidiecezja.wroc.pl\/index.php?rest_route=\/wp\/v2\/types\/post"}],"author":[{"embeddable":true,"href":"http:\/\/www.elzbieta.archidiecezja.wroc.pl\/index.php?rest_route=\/wp\/v2\/users\/3"}],"replies":[{"embeddable":true,"href":"http:\/\/www.elzbieta.archidiecezja.wroc.pl\/index.php?rest_route=%2Fwp%2Fv2%2Fcomments&post=2650"}],"version-history":[{"count":1,"href":"http:\/\/www.elzbieta.archidiecezja.wroc.pl\/index.php?rest_route=\/wp\/v2\/posts\/2650\/revisions"}],"predecessor-version":[{"id":2651,"href":"http:\/\/www.elzbieta.archidiecezja.wroc.pl\/index.php?rest_route=\/wp\/v2\/posts\/2650\/revisions\/2651"}],"wp:featuredmedia":[{"embeddable":true,"href":"http:\/\/www.elzbieta.archidiecezja.wroc.pl\/index.php?rest_route=\/wp\/v2\/media\/1810"}],"wp:attachment":[{"href":"http:\/\/www.elzbieta.archidiecezja.wroc.pl\/index.php?rest_route=%2Fwp%2Fv2%2Fmedia&parent=2650"}],"wp:term":[{"taxonomy":"category","embeddable":true,"href":"http:\/\/www.elzbieta.archidiecezja.wroc.pl\/index.php?rest_route=%2Fwp%2Fv2%2Fcategories&post=2650"},{"taxonomy":"post_tag","embeddable":true,"href":"http:\/\/www.elzbieta.archidiecezja.wroc.pl\/index.php?rest_route=%2Fwp%2Fv2%2Ftags&post=2650"}],"curies":[{"name":"wp","href":"https:\/\/api.w.org\/{rel}","templated":true}]}}