{"id":2648,"date":"2023-02-04T11:00:44","date_gmt":"2023-02-04T10:00:44","guid":{"rendered":"http:\/\/www.elzbieta.archidiecezja.wroc.pl\/?p=2648"},"modified":"2023-02-12T11:03:59","modified_gmt":"2023-02-12T10:03:59","slug":"v-niedziela-zwykla-5-lutego-2023","status":"publish","type":"post","link":"http:\/\/www.elzbieta.archidiecezja.wroc.pl\/?p=2648","title":{"rendered":"V NIEDZIELA ZWYK\u0141A &#8211; 5 Lutego 2023"},"content":{"rendered":"<p style=\"text-align: justify;\">1. Dzisiaj prze\u017cywamy pi\u0105t\u0105 niedziel\u0119 zwyk\u0142\u0105 w ci\u0105gu roku. Dzisiejsza niedziela jest r\u00f3wnie\u017c <strong>pierwsz\u0105 niedziel\u0105 lutego<\/strong>, dlatego na koniec ka\u017cdej Mszy \u015bw. zach\u0119camy do pozostania na kr\u00f3tk\u0105 <strong>adoracj\u0119 Naj\u015bwi\u0119tszego Sakramentu<\/strong>.<\/p>\n<p style=\"text-align: justify;\">2. W<strong> tym tygodniu wspominamy:<\/strong><\/p>\n<p style=\"text-align: justify;\">\u2013 w poniedzia\u0142ek <em>\u015bw. Paw\u0142a Miki i Towarzyszy,<\/em><\/p>\n<p style=\"text-align: justify;\">\u2013 w pi\u0105tek <em>\u015bw. Scholastyk\u0119.<\/em><\/p>\n<p style=\"text-align: justify;\">\u00a03. W sobot\u0119 11 lutego przypada <strong>wspomnienie Naj\u015bwi\u0119tszej Maryi Panny z\u00a0Lourdes,<\/strong>obchodzone jako\u00a0<strong>\u015awiatowy Dzie\u0144 Chorego.<\/strong><\/p>\n<p style=\"text-align: justify;\"><strong>Na uroczyst\u0105 Msz\u0119 \u015bw. z udzieleniem sakramentu chorych zapraszamy o\u00a0godz.<\/strong>\u00a0<strong>18.00<\/strong>.\u00a0Sakrament namaszczenia mog\u0105 przyj\u0105\u0107 osoby chore i\u00a0w\u00a0podesz\u0142ym wieku, b\u0119d\u0105ce w stanie \u0142aski u\u015bwi\u0119caj\u0105cej. Prosimy rodziny oraz\u00a0s\u0105siad\u00f3w, aby pomog\u0142y chorym i\u00a0starszym w dotarciu do \u015bwi\u0105tyni.<\/p>\n<p style=\"text-align: justify;\">4. Dzi\u015b wolontariusze parafialnego Caritas zbieraj\u0105 do puszek <strong>ofiary na pomoc dla\u00a0rodzin w trudnej sytuacji materialnej. <\/strong><\/p>\n<p style=\"text-align: justify;\">5. Solenizantom i jubilatom rozpoczynaj\u0105cego si\u0119 tygodnia \u017cyczymy zdrowia, potrzebnych \u0142ask oraz Bo\u017cego b\u0142ogos\u0142awie\u0144stwa.<\/p>\n","protected":false},"excerpt":{"rendered":"<p>1. Dzisiaj prze\u017cywamy pi\u0105t\u0105 niedziel\u0119 zwyk\u0142\u0105 w ci\u0105gu roku. Dzisiejsza niedziela jest r\u00f3wnie\u017c pierwsz\u0105 niedziel\u0105 lutego, dlatego na koniec ka\u017cdej Mszy \u015bw. zach\u0119camy do pozostania na kr\u00f3tk\u0105 adoracj\u0119 Naj\u015bwi\u0119tszego Sakramentu. 2. W tym tygodniu wspominamy: \u2013 w poniedzia\u0142ek \u015bw. Paw\u0142a Miki i Towarzyszy, \u2013 w pi\u0105tek \u015bw. Scholastyk\u0119. \u00a03. W sobot\u0119 11 lutego przypada wspomnienie [&hellip;]<\/p>\n","protected":false},"author":3,"featured_media":1827,"comment_status":"closed","ping_status":"closed","sticky":false,"template":"","format":"standard","meta":[],"categories":[35],"tags":[],"_links":{"self":[{"href":"http:\/\/www.elzbieta.archidiecezja.wroc.pl\/index.php?rest_route=\/wp\/v2\/posts\/2648"}],"collection":[{"href":"http:\/\/www.elzbieta.archidiecezja.wroc.pl\/index.php?rest_route=\/wp\/v2\/posts"}],"about":[{"href":"http:\/\/www.elzbieta.archidiecezja.wroc.pl\/index.php?rest_route=\/wp\/v2\/types\/post"}],"author":[{"embeddable":true,"href":"http:\/\/www.elzbieta.archidiecezja.wroc.pl\/index.php?rest_route=\/wp\/v2\/users\/3"}],"replies":[{"embeddable":true,"href":"http:\/\/www.elzbieta.archidiecezja.wroc.pl\/index.php?rest_route=%2Fwp%2Fv2%2Fcomments&post=2648"}],"version-history":[{"count":1,"href":"http:\/\/www.elzbieta.archidiecezja.wroc.pl\/index.php?rest_route=\/wp\/v2\/posts\/2648\/revisions"}],"predecessor-version":[{"id":2649,"href":"http:\/\/www.elzbieta.archidiecezja.wroc.pl\/index.php?rest_route=\/wp\/v2\/posts\/2648\/revisions\/2649"}],"wp:featuredmedia":[{"embeddable":true,"href":"http:\/\/www.elzbieta.archidiecezja.wroc.pl\/index.php?rest_route=\/wp\/v2\/media\/1827"}],"wp:attachment":[{"href":"http:\/\/www.elzbieta.archidiecezja.wroc.pl\/index.php?rest_route=%2Fwp%2Fv2%2Fmedia&parent=2648"}],"wp:term":[{"taxonomy":"category","embeddable":true,"href":"http:\/\/www.elzbieta.archidiecezja.wroc.pl\/index.php?rest_route=%2Fwp%2Fv2%2Fcategories&post=2648"},{"taxonomy":"post_tag","embeddable":true,"href":"http:\/\/www.elzbieta.archidiecezja.wroc.pl\/index.php?rest_route=%2Fwp%2Fv2%2Ftags&post=2648"}],"curies":[{"name":"wp","href":"https:\/\/api.w.org\/{rel}","templated":true}]}}