{"id":2646,"date":"2023-01-28T10:25:16","date_gmt":"2023-01-28T09:25:16","guid":{"rendered":"http:\/\/www.elzbieta.archidiecezja.wroc.pl\/?p=2646"},"modified":"2023-01-28T10:25:16","modified_gmt":"2023-01-28T09:25:16","slug":"iv-niedziela-zwykla-29-stycznia-2023","status":"publish","type":"post","link":"http:\/\/www.elzbieta.archidiecezja.wroc.pl\/?p=2646","title":{"rendered":"IV NIEDZIELA ZWYK\u0141A &#8211; 29 Stycznia 2023"},"content":{"rendered":"<p>1. Dzisiaj obchodzimy\u00a0<strong>czwart\u0105 niedziel\u0119 zwyk\u0142\u0105.<\/strong><\/p>\n<p>2. W czwartek b\u0119dziemy prze\u017cywa\u0107\u00a0<strong>Ofiarowanie Pa\u0144skie<\/strong>, nazywane r\u00f3wnie\u017c \u015bwi\u0119tem Matki Bo\u017cej Gromnicznej. Na rozpocz\u0119cie ka\u017cdej Mszy \u015awi\u0119tej pob\u0142ogos\u0142awimy \u015bwiece, kt\u00f3rych blask ma wskazywa\u0107 na Pana Jezusa. Tego samego dnia z ustanowienia \u015bw. Jana Paw\u0142a II obchodzimy\u00a0<strong>\u015awiatowy Dzie\u0144 \u017bycia Konsekrowanego<\/strong>. Dzi\u0119kujemy Panu Bogu za powo\u0142ania do \u017cycia zakonnego w\u00a0Ko\u015bciele, za siostry i braci zakonnych i\u00a0inne osoby konsekrowane.<\/p>\n<p>3. <strong>W tym tygodniu przypada pierwszy czwartek, pierwszy pi\u0105tek i pierwsza sobota<\/strong> <strong>miesi\u0105ca<\/strong>:<\/p>\n<p>&#8211; w pierwszy czwartek zapraszamy na ca\u0142odzienn\u0105 <strong>adoracj\u0119 Naj\u015bwi\u0119tszego Sakramentu<\/strong>,<\/p>\n<p>&#8211; w pierwszy pi\u0105tek zach\u0119camy do skorzystania z <strong>sakramentu pokuty i\u00a0pojednania<\/strong>,<\/p>\n<p>&#8211;\u00a0w pierwsz\u0105 sobot\u0119 po Mszy \u015bw. porannej zapraszamy do udzia\u0142u w <strong>nabo\u017ce\u0144stwie wynagradzaj\u0105cym Niepokalanemu Sercu Maryi<\/strong>. Tego dnia w\u00a0godzinach porannych udamy si\u0119 z <strong>pos\u0142ug\u0105 sakramentalna do chorych<\/strong> z\u00a0naszej parafii.<\/p>\n<p>4. W przysz\u0142\u0105 niedziel\u0119 po Mszy \u015bw. o godz. 10.00 odb\u0119dzie si\u0119 <strong>spotkanie formacyjne przygotowuj\u0105ce do przyj\u0119cia<\/strong> <strong>sakramentu Bierzmowania<\/strong>.<\/p>\n<p>5. Solenizantom i jubilatom rozpoczynaj\u0105cego si\u0119 tygodnia \u017cyczymy zdrowia, potrzebnych \u0142ask oraz Bo\u017cego b\u0142ogos\u0142awie\u0144stwa.<\/p>\n","protected":false},"excerpt":{"rendered":"<p>1. Dzisiaj obchodzimy\u00a0czwart\u0105 niedziel\u0119 zwyk\u0142\u0105. 2. W czwartek b\u0119dziemy prze\u017cywa\u0107\u00a0Ofiarowanie Pa\u0144skie, nazywane r\u00f3wnie\u017c \u015bwi\u0119tem Matki Bo\u017cej Gromnicznej. Na rozpocz\u0119cie ka\u017cdej Mszy \u015awi\u0119tej pob\u0142ogos\u0142awimy \u015bwiece, kt\u00f3rych blask ma wskazywa\u0107 na Pana Jezusa. Tego samego dnia z ustanowienia \u015bw. Jana Paw\u0142a II obchodzimy\u00a0\u015awiatowy Dzie\u0144 \u017bycia Konsekrowanego. Dzi\u0119kujemy Panu Bogu za powo\u0142ania do \u017cycia zakonnego w\u00a0Ko\u015bciele, za siostry [&hellip;]<\/p>\n","protected":false},"author":3,"featured_media":1592,"comment_status":"closed","ping_status":"closed","sticky":false,"template":"","format":"standard","meta":[],"categories":[35],"tags":[],"_links":{"self":[{"href":"http:\/\/www.elzbieta.archidiecezja.wroc.pl\/index.php?rest_route=\/wp\/v2\/posts\/2646"}],"collection":[{"href":"http:\/\/www.elzbieta.archidiecezja.wroc.pl\/index.php?rest_route=\/wp\/v2\/posts"}],"about":[{"href":"http:\/\/www.elzbieta.archidiecezja.wroc.pl\/index.php?rest_route=\/wp\/v2\/types\/post"}],"author":[{"embeddable":true,"href":"http:\/\/www.elzbieta.archidiecezja.wroc.pl\/index.php?rest_route=\/wp\/v2\/users\/3"}],"replies":[{"embeddable":true,"href":"http:\/\/www.elzbieta.archidiecezja.wroc.pl\/index.php?rest_route=%2Fwp%2Fv2%2Fcomments&post=2646"}],"version-history":[{"count":1,"href":"http:\/\/www.elzbieta.archidiecezja.wroc.pl\/index.php?rest_route=\/wp\/v2\/posts\/2646\/revisions"}],"predecessor-version":[{"id":2647,"href":"http:\/\/www.elzbieta.archidiecezja.wroc.pl\/index.php?rest_route=\/wp\/v2\/posts\/2646\/revisions\/2647"}],"wp:featuredmedia":[{"embeddable":true,"href":"http:\/\/www.elzbieta.archidiecezja.wroc.pl\/index.php?rest_route=\/wp\/v2\/media\/1592"}],"wp:attachment":[{"href":"http:\/\/www.elzbieta.archidiecezja.wroc.pl\/index.php?rest_route=%2Fwp%2Fv2%2Fmedia&parent=2646"}],"wp:term":[{"taxonomy":"category","embeddable":true,"href":"http:\/\/www.elzbieta.archidiecezja.wroc.pl\/index.php?rest_route=%2Fwp%2Fv2%2Fcategories&post=2646"},{"taxonomy":"post_tag","embeddable":true,"href":"http:\/\/www.elzbieta.archidiecezja.wroc.pl\/index.php?rest_route=%2Fwp%2Fv2%2Ftags&post=2646"}],"curies":[{"name":"wp","href":"https:\/\/api.w.org\/{rel}","templated":true}]}}