{"id":2644,"date":"2023-01-20T11:40:54","date_gmt":"2023-01-20T10:40:54","guid":{"rendered":"http:\/\/www.elzbieta.archidiecezja.wroc.pl\/?p=2644"},"modified":"2023-01-20T11:40:54","modified_gmt":"2023-01-20T10:40:54","slug":"iii-niedziela-zwykla-22-stycznia-2023","status":"publish","type":"post","link":"http:\/\/www.elzbieta.archidiecezja.wroc.pl\/?p=2644","title":{"rendered":"III NIEDZIELA ZWYK\u0141A &#8211; 22 Stycznia 2023"},"content":{"rendered":"<p>1. Dzisiaj z inicjatywy papie\u017ca Franciszka prze\u017cywamy\u00a0<strong>Niedziel\u0119 S\u0142owa Bo\u017cego<\/strong>. Ws\u0142uchani w\u00a0S\u0142owo samego Boga m\u00f3dlmy si\u0119 o to, aby\u015bmy w praktyce potrafili wprowadza\u0107 je w\u00a0nasze codzienne \u017cycie.<\/p>\n<p>2. <strong>W tym tygodniu wspominamy:<\/strong><\/p>\n<p>\u2013 we wtorek <em>\u015bw. Franciszka Salezego,<\/em><\/p>\n<p>\u2013 w \u015brod\u0119 <em>\u015bwi\u0119to Nawr\u00f3cenia \u015bw. Paw\u0142a Aposto\u0142a,<\/em><\/p>\n<p>\u2013 w czwartek <em>\u015bw. biskup\u00f3w Tymoteusza i Tytusa,<\/em><\/p>\n<p>\u2013 w sobot\u0119 <em>\u015bw. Tomasza z Akwinu. <\/em><\/p>\n<p>3. W pi\u0105tek 27 stycznia o godz. 18.00 w\u00a0naszej Bazylice odb\u0119dzie si\u0119<strong> koncert ch\u00f3ru z akompaniamentem naszych odbudowanych organ\u00f3w Michaela Englera z okazji 1. rocznicy ich po\u015bwi\u0119cenia i inauguracji. <\/strong><strong>Ze wzgl\u0119du na powy\u017csze wydarzenie tego dnia Msza \u015bw. b\u0119dzie tylko o\u00a0godz. 7.00 rano.<\/strong><\/p>\n<p>4.\u00a0 <strong>Solenizantom i jubilatom <\/strong>rozpoczynaj\u0105cego si\u0119 tygodnia \u017cyczymy zdrowia, potrzebnych \u0142ask oraz Bo\u017cego b\u0142ogos\u0142awie\u0144stwa.<\/p>\n","protected":false},"excerpt":{"rendered":"<p>1. Dzisiaj z inicjatywy papie\u017ca Franciszka prze\u017cywamy\u00a0Niedziel\u0119 S\u0142owa Bo\u017cego. Ws\u0142uchani w\u00a0S\u0142owo samego Boga m\u00f3dlmy si\u0119 o to, aby\u015bmy w praktyce potrafili wprowadza\u0107 je w\u00a0nasze codzienne \u017cycie. 2. W tym tygodniu wspominamy: \u2013 we wtorek \u015bw. Franciszka Salezego, \u2013 w \u015brod\u0119 \u015bwi\u0119to Nawr\u00f3cenia \u015bw. Paw\u0142a Aposto\u0142a, \u2013 w czwartek \u015bw. biskup\u00f3w Tymoteusza i Tytusa, \u2013 w [&hellip;]<\/p>\n","protected":false},"author":3,"featured_media":1588,"comment_status":"closed","ping_status":"closed","sticky":false,"template":"","format":"standard","meta":[],"categories":[35],"tags":[],"_links":{"self":[{"href":"http:\/\/www.elzbieta.archidiecezja.wroc.pl\/index.php?rest_route=\/wp\/v2\/posts\/2644"}],"collection":[{"href":"http:\/\/www.elzbieta.archidiecezja.wroc.pl\/index.php?rest_route=\/wp\/v2\/posts"}],"about":[{"href":"http:\/\/www.elzbieta.archidiecezja.wroc.pl\/index.php?rest_route=\/wp\/v2\/types\/post"}],"author":[{"embeddable":true,"href":"http:\/\/www.elzbieta.archidiecezja.wroc.pl\/index.php?rest_route=\/wp\/v2\/users\/3"}],"replies":[{"embeddable":true,"href":"http:\/\/www.elzbieta.archidiecezja.wroc.pl\/index.php?rest_route=%2Fwp%2Fv2%2Fcomments&post=2644"}],"version-history":[{"count":1,"href":"http:\/\/www.elzbieta.archidiecezja.wroc.pl\/index.php?rest_route=\/wp\/v2\/posts\/2644\/revisions"}],"predecessor-version":[{"id":2645,"href":"http:\/\/www.elzbieta.archidiecezja.wroc.pl\/index.php?rest_route=\/wp\/v2\/posts\/2644\/revisions\/2645"}],"wp:featuredmedia":[{"embeddable":true,"href":"http:\/\/www.elzbieta.archidiecezja.wroc.pl\/index.php?rest_route=\/wp\/v2\/media\/1588"}],"wp:attachment":[{"href":"http:\/\/www.elzbieta.archidiecezja.wroc.pl\/index.php?rest_route=%2Fwp%2Fv2%2Fmedia&parent=2644"}],"wp:term":[{"taxonomy":"category","embeddable":true,"href":"http:\/\/www.elzbieta.archidiecezja.wroc.pl\/index.php?rest_route=%2Fwp%2Fv2%2Fcategories&post=2644"},{"taxonomy":"post_tag","embeddable":true,"href":"http:\/\/www.elzbieta.archidiecezja.wroc.pl\/index.php?rest_route=%2Fwp%2Fv2%2Ftags&post=2644"}],"curies":[{"name":"wp","href":"https:\/\/api.w.org\/{rel}","templated":true}]}}