{"id":2642,"date":"2023-01-14T17:28:57","date_gmt":"2023-01-14T16:28:57","guid":{"rendered":"http:\/\/www.elzbieta.archidiecezja.wroc.pl\/?p=2642"},"modified":"2023-01-14T17:28:57","modified_gmt":"2023-01-14T16:28:57","slug":"ii-niedziela-zwykla-15-stycznia-2023","status":"publish","type":"post","link":"http:\/\/www.elzbieta.archidiecezja.wroc.pl\/?p=2642","title":{"rendered":"II NIEDZIELA ZWYK\u0141A &#8211; 15 Stycznia 2023"},"content":{"rendered":"<p>1. Dzisiaj obchodzimy <strong>drug\u0105 niedziel\u0119 zwyk\u0142\u0105<\/strong>.<\/p>\n<p>2. W dniach od 18 do 25 stycznia b\u0119dziemy prze\u017cywa\u0107 <strong>Tydzie\u0144 Powszechnej Modlitwy o\u00a0Jedno\u015b\u0107 Chrze\u015bcijan <\/strong>pod has\u0142em: \u201eCzy\u0144cie dobro; szukajcie sprawiedliwo\u015bci\u201d. W\u0142\u0105czmy si\u0119 w to dzie\u0142o poprzez wsp\u00f3lnotow\u0105 i\u00a0osobist\u0105 modlitw\u0119.<\/p>\n<p>3. Wsobot\u0119 21 stycznia obchodzimy\u00a0<strong>Dzie\u0144 Babci<\/strong>, a w niedziel\u0119 22 stycznia <strong>Dzie\u0144 Dziadka<\/strong>. Z\u00a0tej\u00a0okazji wszystkim Babciom i Dziadkom sk\u0142adamy serdeczne \u017cyczenia i\u00a0zapewniamy o\u00a0modlitwie.<\/p>\n<p>4. W przysz\u0142\u0105 niedziel\u0119 o godz. 12.00 w naszej Bazylice odb\u0119dzie si\u0119\u00a0<strong>Msza\u00a0\u015bw. z okazji 160. Rocznicy Powstania Styczniowego<\/strong>.<\/p>\n<p>5. W<strong> tym tygodniu wspominamy:<\/strong><\/p>\n<p>\u2013 we wtorek <em>\u015bw. Antoniego \u2013 opata,<\/em><\/p>\n<p>\u2013 w czwartek <em>\u015bw. J\u00f3zefa Sebastiana Pelczara \u2013 biskupa,<\/em><\/p>\n<p>\u2013 w sobot\u0119 <em>\u015bw. Agat\u0119 \u2013 dziewic\u0119 i m\u0119czennic\u0119.<\/em><\/p>\n<p>6.<strong> Wczoraj zako\u0144czyli\u015bmy wizyt\u0119 duszpastersk\u0105 w naszej Parafii. <\/strong>Serdecznie dzi\u0119kujemy za otwarto\u015b\u0107, wsp\u00f3ln\u0105 modlitw\u0119 oraz mi\u0142e spotkanie.<\/p>\n<p>7. Podczas ostatniej kwesty wolontariusze parafialnego Caritas zebrali do\u00a0puszek ofiary na kwot\u0119 1032 z\u0142. B\u00f3g zap\u0142a\u0107 za z\u0142o\u017cone ofiary.<\/p>\n<p>8. Solenizantom i jubilatom rozpoczynaj\u0105cego si\u0119 tygodnia \u017cyczymy zdrowia, potrzebnych \u0142ask oraz Bo\u017cego b\u0142ogos\u0142awie\u0144stwa.<\/p>\n","protected":false},"excerpt":{"rendered":"<p>1. Dzisiaj obchodzimy drug\u0105 niedziel\u0119 zwyk\u0142\u0105. 2. W dniach od 18 do 25 stycznia b\u0119dziemy prze\u017cywa\u0107 Tydzie\u0144 Powszechnej Modlitwy o\u00a0Jedno\u015b\u0107 Chrze\u015bcijan pod has\u0142em: \u201eCzy\u0144cie dobro; szukajcie sprawiedliwo\u015bci\u201d. W\u0142\u0105czmy si\u0119 w to dzie\u0142o poprzez wsp\u00f3lnotow\u0105 i\u00a0osobist\u0105 modlitw\u0119. 3. Wsobot\u0119 21 stycznia obchodzimy\u00a0Dzie\u0144 Babci, a w niedziel\u0119 22 stycznia Dzie\u0144 Dziadka. Z\u00a0tej\u00a0okazji wszystkim Babciom i Dziadkom sk\u0142adamy [&hellip;]<\/p>\n","protected":false},"author":3,"featured_media":1270,"comment_status":"closed","ping_status":"closed","sticky":false,"template":"","format":"standard","meta":[],"categories":[35],"tags":[],"_links":{"self":[{"href":"http:\/\/www.elzbieta.archidiecezja.wroc.pl\/index.php?rest_route=\/wp\/v2\/posts\/2642"}],"collection":[{"href":"http:\/\/www.elzbieta.archidiecezja.wroc.pl\/index.php?rest_route=\/wp\/v2\/posts"}],"about":[{"href":"http:\/\/www.elzbieta.archidiecezja.wroc.pl\/index.php?rest_route=\/wp\/v2\/types\/post"}],"author":[{"embeddable":true,"href":"http:\/\/www.elzbieta.archidiecezja.wroc.pl\/index.php?rest_route=\/wp\/v2\/users\/3"}],"replies":[{"embeddable":true,"href":"http:\/\/www.elzbieta.archidiecezja.wroc.pl\/index.php?rest_route=%2Fwp%2Fv2%2Fcomments&post=2642"}],"version-history":[{"count":1,"href":"http:\/\/www.elzbieta.archidiecezja.wroc.pl\/index.php?rest_route=\/wp\/v2\/posts\/2642\/revisions"}],"predecessor-version":[{"id":2643,"href":"http:\/\/www.elzbieta.archidiecezja.wroc.pl\/index.php?rest_route=\/wp\/v2\/posts\/2642\/revisions\/2643"}],"wp:featuredmedia":[{"embeddable":true,"href":"http:\/\/www.elzbieta.archidiecezja.wroc.pl\/index.php?rest_route=\/wp\/v2\/media\/1270"}],"wp:attachment":[{"href":"http:\/\/www.elzbieta.archidiecezja.wroc.pl\/index.php?rest_route=%2Fwp%2Fv2%2Fmedia&parent=2642"}],"wp:term":[{"taxonomy":"category","embeddable":true,"href":"http:\/\/www.elzbieta.archidiecezja.wroc.pl\/index.php?rest_route=%2Fwp%2Fv2%2Fcategories&post=2642"},{"taxonomy":"post_tag","embeddable":true,"href":"http:\/\/www.elzbieta.archidiecezja.wroc.pl\/index.php?rest_route=%2Fwp%2Fv2%2Ftags&post=2642"}],"curies":[{"name":"wp","href":"https:\/\/api.w.org\/{rel}","templated":true}]}}