{"id":1846,"date":"2020-03-21T17:11:49","date_gmt":"2020-03-21T16:11:49","guid":{"rendered":"http:\/\/www.elzbieta.archidiecezja.wroc.pl\/?p=1846"},"modified":"2020-03-21T17:20:35","modified_gmt":"2020-03-21T16:20:35","slug":"iv-niedziela-wielkiego-postu-laetare-22-marca-2020","status":"publish","type":"post","link":"http:\/\/www.elzbieta.archidiecezja.wroc.pl\/?p=1846","title":{"rendered":"IV NIEDZIELA WIELKIEGO POSTU &#8211; Laetare &#8211; 22 Marca 2020"},"content":{"rendered":"\n<p><strong>1. Dzisiaj<\/strong>&nbsp;prze\u017cywamy\nIV Niedziel\u0119 Wielkiego Postu.<\/p>\n\n\n\n<p><strong>2. Zgodnie<em> z<\/em><\/strong> <strong><em>zarz\u0105dzeniami Ksi\u0119\u017cy Biskup\u00f3w w\nzwi\u0105zku z&nbsp;zagro\u017ceniem epidemi\u0105<\/em><\/strong> <strong>przypominamy o udzielonej dyspensie od <\/strong><strong>uczestnictwa\nw&nbsp;niedzielnej i&nbsp;\u015bwi\u0105tecznej Mszy \u015bwi\u0119tej oraz <\/strong><strong>odwo\u0142ujemy rekolekcje wielkopostne oraz\nnabo\u017ce\u0144stwa Drogi Krzy\u017cowej i Gorzkich \u017bali.<\/strong><strong> <\/strong>Wszystkich\nwiernych zach\u0119camy do indywidualnego rozwoju duchowego poprzez modlitw\u0119,\nlektur\u0119 Pisma \u015awi\u0119tego oraz uczestniczenie w&nbsp;Mszach \u015bw. i&nbsp;rekolekcjach\npoprzez \u015brodki spo\u0142ecznego przekazu.&nbsp; <strong><\/strong><\/p>\n\n\n\n<p><strong>3. W \u015brod\u0119 <\/strong>przypada\n<strong><em>uroczysto\u015b\u0107 Zwiastowania\nPa\u0144skiego<\/em><\/strong><strong><em>, <\/em><\/strong><strong>kt\u00f3ra jest zarazem <em>Dniem \u015awi\u0119to\u015bci \u017bycia. <\/em><\/strong><strong>M\u00f3dlmy si\u0119 o odwag\u0119\nobrony \u017cycia od pocz\u0119cia do&nbsp;naturalnej \u015bmierci.<\/strong><\/p>\n","protected":false},"excerpt":{"rendered":"<p>1. Dzisiaj&nbsp;prze\u017cywamy IV Niedziel\u0119 Wielkiego Postu. 2. Zgodnie z zarz\u0105dzeniami Ksi\u0119\u017cy Biskup\u00f3w w zwi\u0105zku z&nbsp;zagro\u017ceniem epidemi\u0105 przypominamy o udzielonej dyspensie od uczestnictwa w&nbsp;niedzielnej i&nbsp;\u015bwi\u0105tecznej Mszy \u015bwi\u0119tej oraz odwo\u0142ujemy rekolekcje wielkopostne oraz nabo\u017ce\u0144stwa Drogi Krzy\u017cowej i Gorzkich \u017bali. Wszystkich wiernych zach\u0119camy do indywidualnego rozwoju duchowego poprzez modlitw\u0119, lektur\u0119 Pisma \u015awi\u0119tego oraz uczestniczenie w&nbsp;Mszach \u015bw. i&nbsp;rekolekcjach poprzez [&hellip;]<\/p>\n","protected":false},"author":3,"featured_media":1280,"comment_status":"closed","ping_status":"closed","sticky":false,"template":"","format":"standard","meta":[],"categories":[35],"tags":[],"_links":{"self":[{"href":"http:\/\/www.elzbieta.archidiecezja.wroc.pl\/index.php?rest_route=\/wp\/v2\/posts\/1846"}],"collection":[{"href":"http:\/\/www.elzbieta.archidiecezja.wroc.pl\/index.php?rest_route=\/wp\/v2\/posts"}],"about":[{"href":"http:\/\/www.elzbieta.archidiecezja.wroc.pl\/index.php?rest_route=\/wp\/v2\/types\/post"}],"author":[{"embeddable":true,"href":"http:\/\/www.elzbieta.archidiecezja.wroc.pl\/index.php?rest_route=\/wp\/v2\/users\/3"}],"replies":[{"embeddable":true,"href":"http:\/\/www.elzbieta.archidiecezja.wroc.pl\/index.php?rest_route=%2Fwp%2Fv2%2Fcomments&post=1846"}],"version-history":[{"count":1,"href":"http:\/\/www.elzbieta.archidiecezja.wroc.pl\/index.php?rest_route=\/wp\/v2\/posts\/1846\/revisions"}],"predecessor-version":[{"id":1847,"href":"http:\/\/www.elzbieta.archidiecezja.wroc.pl\/index.php?rest_route=\/wp\/v2\/posts\/1846\/revisions\/1847"}],"wp:featuredmedia":[{"embeddable":true,"href":"http:\/\/www.elzbieta.archidiecezja.wroc.pl\/index.php?rest_route=\/wp\/v2\/media\/1280"}],"wp:attachment":[{"href":"http:\/\/www.elzbieta.archidiecezja.wroc.pl\/index.php?rest_route=%2Fwp%2Fv2%2Fmedia&parent=1846"}],"wp:term":[{"taxonomy":"category","embeddable":true,"href":"http:\/\/www.elzbieta.archidiecezja.wroc.pl\/index.php?rest_route=%2Fwp%2Fv2%2Fcategories&post=1846"},{"taxonomy":"post_tag","embeddable":true,"href":"http:\/\/www.elzbieta.archidiecezja.wroc.pl\/index.php?rest_route=%2Fwp%2Fv2%2Ftags&post=1846"}],"curies":[{"name":"wp","href":"https:\/\/api.w.org\/{rel}","templated":true}]}}