{"id":1841,"date":"2020-03-14T18:13:25","date_gmt":"2020-03-14T17:13:25","guid":{"rendered":"http:\/\/www.elzbieta.archidiecezja.wroc.pl\/?p=1841"},"modified":"2020-03-14T18:13:25","modified_gmt":"2020-03-14T17:13:25","slug":"iii-niedziela-wielkiego-postu-15-marca-2020","status":"publish","type":"post","link":"http:\/\/www.elzbieta.archidiecezja.wroc.pl\/?p=1841","title":{"rendered":"III NIEDZIELA WIELKIEGO POSTU &#8211; 15 Marca 2020"},"content":{"rendered":"<p style=\"text-align: justify;\"><strong>1. Dzisiaj\u00a0<\/strong>prze\u017cywamy III Niedziel\u0119 Wielkiego Postu.<\/p>\n<p style=\"text-align: justify;\"><strong>2. Zgodnie<em> z<\/em><\/strong> <strong><em>zarz\u0105dzeniami Ksi\u0119\u017cy Biskup\u00f3w w zwi\u0105zku z\u00a0zagro\u017ceniem epidemi\u0105<\/em><\/strong> <strong><u>przypominamy o udzielonej dyspensie od <\/u><\/strong><strong><u>uczestnictwa w\u00a0niedzielnej i\u00a0\u015bwi\u0105tecznej Mszy \u015bwi\u0119tej do dnia 29\u00a0marca br. oraz <\/u><\/strong><strong><u>odwo\u0142ujemy rekolekcje wielkopostne oraz nabo\u017ce\u0144stwa Drogi Krzy\u017cowej i Gorzkich \u017bali.<\/u><\/strong> Wszystkich wiernych zach\u0119camy do indywidualnego rozwoju duchowego poprzez modlitw\u0119, lektur\u0119 Pisma \u015awi\u0119tego oraz uczestniczenie w\u00a0Mszach \u015bw. i\u00a0rekolekcjach poprzez \u015brodki spo\u0142ecznego przekazu.<\/p>\n<p style=\"text-align: justify;\"><strong>3.\u00a0<\/strong><strong>W czwartek <\/strong>przypada <strong><em>uroczysto\u015b\u0107 \u015bw. J\u00f3zefa, Oblubie\u0144ca NMP<\/em><\/strong>. Jest\u00a0to\u00a0r\u00f3wnie\u017c dzie\u0144 imienin naszych Pasterzy<em>: ks. Abp. J\u00f3zefa Kupnego \u2013 Metropolity Wroc\u0142awskiego i\u00a0ks. Bp. J\u00f3zefa Guzdka \u2013 Biskupa Polowego WP.<\/em>Polecajmy w\u00a0naszej modlitwie czcigodnych solenizant\u00f3w.<\/p>\n<p style=\"text-align: justify;\"><strong>4. Zarz\u0105dzenie Biskupa Polowego Wojska Polskiego po wprowadzeniu stanu zagro\u017cenia epidemicznego na terenie naszej Ojczyzny:<\/strong><\/p>\n<p style=\"text-align: justify;\"><strong><em>Stosuj\u0105c si\u0119 do rozporz\u0105dze\u0144 w\u0142adz pa\u0144stwowych z dnia 13 marca br. podj\u0105\u0142em nast\u0119puj\u0105ce decyzje dotycz\u0105ce Ordynariatu Polowego:<\/em><\/strong><\/p>\n<p style=\"text-align: justify;\">&#8211; Zobowi\u0105zuj\u0119 wszystkich ksi\u0119\u017cy kapelan\u00f3w, aby wyegzekwowali zasad\u0119 obecno\u015bci na Mszy \u015bw. maksymalnie do 50 os\u00f3b wliczaj\u0105c celebransa, co zosta\u0142o nakazane w rozporz\u0105dzeniu w\u0142adz pa\u0144stwowych.<\/p>\n<p style=\"text-align: justify;\">&#8211; Jezus zapewnia, \u017ce \u201egdzie dw\u00f3ch albo trzech gromadzi si\u0119 w imi\u0119 Moje, tam Ja\u00a0jestem po\u015br\u00f3d nich\u201d (Mt 18,20). Zach\u0119cam, aby w okresie zagro\u017cenia epidemi\u0105 odprawia\u0107 Msz\u0119 \u015bw. w jak najmniejszych grupach. Dotyczy to tak\u017ce liturgii pogrzebowej.<\/p>\n<p style=\"text-align: justify;\">&#8211; Wiernych Ordynariatu Polowego usilnie prosz\u0119 o korzystanie z dyspensy od\u00a0obowi\u0105zku uczestnictwa w niedzielnej Mszy \u015bw. udzielonej przeze mnie 13\u00a0marca 2020 r. R\u00f3wnocze\u015bnie zach\u0119cam do uczestniczenia we Mszy \u015bw. za\u00a0po\u015brednictwem telewizji, radia i internetu oraz do duchowego przyjmowania Komunii \u015bw.<\/p>\n<p style=\"text-align: justify;\">&#8211;\u00a0Apeluj\u0119 do tych wiernych, kt\u00f3rzy b\u0119d\u0105 fizycznie obecni na Mszy \u015bw., aby\u00a0przyjmowali Komuni\u0119 \u015bw. na r\u0119k\u0119. Kapelan\u00f3w prosz\u0119 o skrupulatn\u0105 dba\u0142o\u015b\u0107 o\u00a0higien\u0119 oraz o uprzejme i stanowcze egzekwowanie jej zasad.<\/p>\n<p style=\"text-align: justify;\">&#8211;\u00a0Ksi\u0119\u017com kapelanom polecam odwo\u0142anie rekolekcji parafialnych, nabo\u017ce\u0144stw gorzkich \u017cali i drogi krzy\u017cowej.<\/p>\n<p style=\"text-align: justify;\">&#8211; Zarz\u0105dzam tak\u017ce ograniczenie dzia\u0142alno\u015bci kancelarii parafialnych do\u00a0koniecznych czynno\u015bci dotycz\u0105cych spraw pilnych i losowych.<\/p>\n<p style=\"text-align: justify;\">&#8211; Polecam tam, gdzie to jest mo\u017cliwe, otwarcie ko\u015bcio\u0142\u00f3w i kaplic wojskowych w\u00a0celu umo\u017cliwienia wiernym indywidualnej adoracji Naj\u015bwi\u0119tszego Sakramentu. Jednocze\u015bnie prosz\u0119 ksi\u0119\u017cy o umo\u017cliwienie wiernym korzystania z sakramentu pokuty i pojednania z zachowaniem roztropno\u015bci i wszelkich zasad higieny.<\/p>\n<p style=\"text-align: justify;\">&#8211; Kapelan\u00f3w szpitalnych zach\u0119cam do szczeg\u00f3lnie troskliwej, roztropnej i\u00a0odwa\u017cnej opieki duszpasterskiej nad chorymi, z zachowaniem wszelkich niezb\u0119dnych procedur.<\/p>\n<p style=\"text-align: justify;\">Bardzo prosz\u0119 ksi\u0119\u017cy i wiernych, aby podporz\u0105dkowali si\u0119 powy\u017cszym zarz\u0105dzeniom. Ponadto wszystkich zach\u0119cam do gorliwej modlitwy rodzinnej i\u00a0indywidualnej w intencji os\u00f3b chorych oraz wszystkich s\u0142u\u017cb zaanga\u017cowanych w\u00a0przezwyci\u0119\u017cenie zagro\u017cenia epidemicznego.<\/p>\n<p style=\"text-align: right;\"><strong><em>bp J\u00f3zef Guzdek<br \/>\nBiskup Polowy Wojska Polskiego<\/em><\/strong><\/p>\n","protected":false},"excerpt":{"rendered":"<p>1. Dzisiaj\u00a0prze\u017cywamy III Niedziel\u0119 Wielkiego Postu. 2. Zgodnie z zarz\u0105dzeniami Ksi\u0119\u017cy Biskup\u00f3w w zwi\u0105zku z\u00a0zagro\u017ceniem epidemi\u0105 przypominamy o udzielonej dyspensie od uczestnictwa w\u00a0niedzielnej i\u00a0\u015bwi\u0105tecznej Mszy \u015bwi\u0119tej do dnia 29\u00a0marca br. oraz odwo\u0142ujemy rekolekcje wielkopostne oraz nabo\u017ce\u0144stwa Drogi Krzy\u017cowej i Gorzkich \u017bali. Wszystkich wiernych zach\u0119camy do indywidualnego rozwoju duchowego poprzez modlitw\u0119, lektur\u0119 Pisma \u015awi\u0119tego oraz uczestniczenie [&hellip;]<\/p>\n","protected":false},"author":3,"featured_media":1842,"comment_status":"closed","ping_status":"closed","sticky":false,"template":"","format":"standard","meta":[],"categories":[35],"tags":[],"_links":{"self":[{"href":"http:\/\/www.elzbieta.archidiecezja.wroc.pl\/index.php?rest_route=\/wp\/v2\/posts\/1841"}],"collection":[{"href":"http:\/\/www.elzbieta.archidiecezja.wroc.pl\/index.php?rest_route=\/wp\/v2\/posts"}],"about":[{"href":"http:\/\/www.elzbieta.archidiecezja.wroc.pl\/index.php?rest_route=\/wp\/v2\/types\/post"}],"author":[{"embeddable":true,"href":"http:\/\/www.elzbieta.archidiecezja.wroc.pl\/index.php?rest_route=\/wp\/v2\/users\/3"}],"replies":[{"embeddable":true,"href":"http:\/\/www.elzbieta.archidiecezja.wroc.pl\/index.php?rest_route=%2Fwp%2Fv2%2Fcomments&post=1841"}],"version-history":[{"count":1,"href":"http:\/\/www.elzbieta.archidiecezja.wroc.pl\/index.php?rest_route=\/wp\/v2\/posts\/1841\/revisions"}],"predecessor-version":[{"id":1843,"href":"http:\/\/www.elzbieta.archidiecezja.wroc.pl\/index.php?rest_route=\/wp\/v2\/posts\/1841\/revisions\/1843"}],"wp:featuredmedia":[{"embeddable":true,"href":"http:\/\/www.elzbieta.archidiecezja.wroc.pl\/index.php?rest_route=\/wp\/v2\/media\/1842"}],"wp:attachment":[{"href":"http:\/\/www.elzbieta.archidiecezja.wroc.pl\/index.php?rest_route=%2Fwp%2Fv2%2Fmedia&parent=1841"}],"wp:term":[{"taxonomy":"category","embeddable":true,"href":"http:\/\/www.elzbieta.archidiecezja.wroc.pl\/index.php?rest_route=%2Fwp%2Fv2%2Fcategories&post=1841"},{"taxonomy":"post_tag","embeddable":true,"href":"http:\/\/www.elzbieta.archidiecezja.wroc.pl\/index.php?rest_route=%2Fwp%2Fv2%2Ftags&post=1841"}],"curies":[{"name":"wp","href":"https:\/\/api.w.org\/{rel}","templated":true}]}}