{"id":1839,"date":"2020-03-07T15:59:00","date_gmt":"2020-03-07T14:59:00","guid":{"rendered":"http:\/\/www.elzbieta.archidiecezja.wroc.pl\/?p=1839"},"modified":"2020-03-07T15:59:00","modified_gmt":"2020-03-07T14:59:00","slug":"ii-niedziela-wielkiego-postu-8-marca-2020","status":"publish","type":"post","link":"http:\/\/www.elzbieta.archidiecezja.wroc.pl\/?p=1839","title":{"rendered":"II NIEDZIELA WIELKIEGO POSTU &#8211; 8 Marca 2020"},"content":{"rendered":"<p style=\"text-align: justify;\"><strong>1. Dzisiaj\u00a0<\/strong>obchodzimy II niedziel\u0119 Wielkiego Postu<em><strong>Ad gentes<\/strong><\/em>\u00a0\u2013 Dzie\u0144 Modlitwy, Postu i\u00a0Solidarno\u015bci z Misjonarzami. Po Mszach \u015bw. ofiarami do puszek b\u0119dzie mo\u017cna wesprze\u0107 dzia\u0142alno\u015b\u0107 misyjn\u0105.<\/p>\n<p style=\"text-align: justify;\"><strong>2. W owocnym\u00a0<\/strong>prze\u017cywaniu tego wielkopostnego czasu nawr\u00f3cenia pomagaj\u0105 nabo\u017ce\u0144stwa pasyjne, na\u00a0kt\u00f3re serdecznie zapraszamy:\u00a0<em><strong>Droga Krzy\u017cowa<\/strong><\/em>w ka\u017cdy pi\u0105tek o\u00a0<strong>godz. 17:30<\/strong>\u00a0oraz\u00a0<em><strong>Gorzkie \u017bale<\/strong><\/em>\u00a0w ka\u017cd\u0105 niedziel\u0119 o\u00a0<strong>godz. 17:40<\/strong>. Okazj\u0105 do modlitewnego skupienia b\u0119d\u0105 r\u00f3wnie\u017c\u00a0<em><strong>Rekolekcje Wielkopostne<\/strong><\/em>, na\u00a0 kt\u00f3re ju\u017c teraz serdecznie zapraszamy <strong>od 29 do 31 marca.<\/strong><strong> Nauki rekolekcyjne poprowadzi\u00a0<\/strong><strong><em>ks.\u00a0Micha\u0142 MRACZEK.<\/em><\/strong><\/p>\n<p style=\"text-align: justify;\"><strong>3. W pi\u0105tek<\/strong> <strong>13 marca<\/strong> przypada <strong>7. rocznica wyboru papie\u017ca Franciszka.<\/strong> Otoczmy w tym dniu Ojca \u015awi\u0119tego i wszystkie jego dzie\u0142a naszymi modlitwami.<\/p>\n<p style=\"text-align: justify;\"><strong>4. Podczas\u00a0<\/strong>ostatniej kwesty wolontariusze parafialnego Caritas zebrali do puszek ofiary na kwot\u0119 756 z\u0142. B\u00f3g zap\u0142a\u0107 za z\u0142o\u017cone ofiary.<\/p>\n","protected":false},"excerpt":{"rendered":"<p>1. Dzisiaj\u00a0obchodzimy II niedziel\u0119 Wielkiego PostuAd gentes\u00a0\u2013 Dzie\u0144 Modlitwy, Postu i\u00a0Solidarno\u015bci z Misjonarzami. Po Mszach \u015bw. ofiarami do puszek b\u0119dzie mo\u017cna wesprze\u0107 dzia\u0142alno\u015b\u0107 misyjn\u0105. 2. W owocnym\u00a0prze\u017cywaniu tego wielkopostnego czasu nawr\u00f3cenia pomagaj\u0105 nabo\u017ce\u0144stwa pasyjne, na\u00a0kt\u00f3re serdecznie zapraszamy:\u00a0Droga Krzy\u017cowaw ka\u017cdy pi\u0105tek o\u00a0godz. 17:30\u00a0oraz\u00a0Gorzkie \u017bale\u00a0w ka\u017cd\u0105 niedziel\u0119 o\u00a0godz. 17:40. Okazj\u0105 do modlitewnego skupienia b\u0119d\u0105 r\u00f3wnie\u017c\u00a0Rekolekcje Wielkopostne, na\u00a0 [&hellip;]<\/p>\n","protected":false},"author":3,"featured_media":1295,"comment_status":"closed","ping_status":"closed","sticky":false,"template":"","format":"standard","meta":[],"categories":[35],"tags":[],"_links":{"self":[{"href":"http:\/\/www.elzbieta.archidiecezja.wroc.pl\/index.php?rest_route=\/wp\/v2\/posts\/1839"}],"collection":[{"href":"http:\/\/www.elzbieta.archidiecezja.wroc.pl\/index.php?rest_route=\/wp\/v2\/posts"}],"about":[{"href":"http:\/\/www.elzbieta.archidiecezja.wroc.pl\/index.php?rest_route=\/wp\/v2\/types\/post"}],"author":[{"embeddable":true,"href":"http:\/\/www.elzbieta.archidiecezja.wroc.pl\/index.php?rest_route=\/wp\/v2\/users\/3"}],"replies":[{"embeddable":true,"href":"http:\/\/www.elzbieta.archidiecezja.wroc.pl\/index.php?rest_route=%2Fwp%2Fv2%2Fcomments&post=1839"}],"version-history":[{"count":1,"href":"http:\/\/www.elzbieta.archidiecezja.wroc.pl\/index.php?rest_route=\/wp\/v2\/posts\/1839\/revisions"}],"predecessor-version":[{"id":1840,"href":"http:\/\/www.elzbieta.archidiecezja.wroc.pl\/index.php?rest_route=\/wp\/v2\/posts\/1839\/revisions\/1840"}],"wp:featuredmedia":[{"embeddable":true,"href":"http:\/\/www.elzbieta.archidiecezja.wroc.pl\/index.php?rest_route=\/wp\/v2\/media\/1295"}],"wp:attachment":[{"href":"http:\/\/www.elzbieta.archidiecezja.wroc.pl\/index.php?rest_route=%2Fwp%2Fv2%2Fmedia&parent=1839"}],"wp:term":[{"taxonomy":"category","embeddable":true,"href":"http:\/\/www.elzbieta.archidiecezja.wroc.pl\/index.php?rest_route=%2Fwp%2Fv2%2Fcategories&post=1839"},{"taxonomy":"post_tag","embeddable":true,"href":"http:\/\/www.elzbieta.archidiecezja.wroc.pl\/index.php?rest_route=%2Fwp%2Fv2%2Ftags&post=1839"}],"curies":[{"name":"wp","href":"https:\/\/api.w.org\/{rel}","templated":true}]}}